{"id":67914,"date":"2019-11-19T05:00:00","date_gmt":"2019-11-19T10:00:00","guid":{"rendered":"https:\/\/linitiative.ca\/International\/des-conferenciers-algeriens-attendus-a-tunis\/"},"modified":"2019-11-19T05:00:00","modified_gmt":"2019-11-19T10:00:00","slug":"des-conferenciers-algeriens-attendus-a-tunis","status":"publish","type":"post","link":"https:\/\/linitiative.ca\/International\/des-conferenciers-algeriens-attendus-a-tunis\/","title":{"rendered":"Des conf\u00e9renciers alg\u00e9riens attendus \u00e0 Tunis"},"content":{"rendered":"<div id=\"originalText\" readability=\"47\">\n<p>Des conf\u00e9renciers alg\u00e9riens animeront, aujourd\u2019hui \u00e0 Tunis, des d\u00e9bats autour du th\u00e8me \u201cL\u2019art contemporain au prisme de l\u2019interdisciplinarit\u00e9\u201d. Invit\u00e9s \u00e0 prendre part aux Journ\u00e9es d\u2019art contemporain de Carthage (JACC-2019), ces conf\u00e9renciers devront confondre leurs recherches avec celles men\u00e9es par des universitaires et des historiens de plusieurs pays, notamment de France et du S\u00e9n\u00e9gal.<\/p>\n<p>Par ailleurs, dans le cadre des activit\u00e9s de la seconde \u00e9dition \u201cGaleries \u00e0 l\u2019\u0153uvre\u201d, des artistes alg\u00e9riens ont \u00e9galement \u00e9t\u00e9 convi\u00e9s \u00e0 prendre part aux animations aux c\u00f4t\u00e9s des Allemands, des Syriens, des Italiens et des Marocains.<\/p>\n<\/div>\n<div id=\"text_core\" readability=\"47\">\n<p>Des conf\u00e9renciers alg\u00e9riens animeront, aujourd\u2019hui \u00e0 Tunis, des d\u00e9bats autour du th\u00e8me \u201cL\u2019art contemporain au prisme de l\u2019interdisciplinarit\u00e9\u201d. Invit\u00e9s \u00e0 prendre part aux Journ\u00e9es d\u2019art contemporain de Carthage (JACC-2019), ces conf\u00e9renciers devront confondre leurs recherches avec celles men\u00e9es par des universitaires et des historiens de plusieurs pays, notamment de France et du S\u00e9n\u00e9gal.<\/p>\n<p>Par ailleurs, dans le cadre des activit\u00e9s de la seconde \u00e9dition \u201cGaleries \u00e0 l\u2019\u0153uvre\u201d, des artistes alg\u00e9riens ont \u00e9galement \u00e9t\u00e9 convi\u00e9s \u00e0 prendre part aux animations aux c\u00f4t\u00e9s des Allemands, des Syriens, des Italiens et des Marocains.<\/p>\n<\/div>\n<p>Auteur:<br \/>\n<a href=\"https:\/\/www.liberte-algerie.com\/radar\/des-conferenciers-algeriens-attendus-a-tunis-328324\">Cliquez ici pour lire l&rsquo;article depuis sa source.<\/a><\/p>\n","protected":false},"excerpt":{"rendered":"<p>Des conf\u00e9renciers alg\u00e9riens animeront, aujourd\u2019hui \u00e0 Tunis, des d\u00e9bats autour du th\u00e8me \u201cL\u2019art contemporain au prisme de l\u2019interdisciplinarit\u00e9\u201d. Invit\u00e9s \u00e0 prendre part aux Journ\u00e9es d\u2019art contemporain de Carthage (JACC-2019), ces conf\u00e9renciers devront confondre leurs recherches avec celles men\u00e9es par des universitaires et des historiens de plusieurs pays, notamment de France et du S\u00e9n\u00e9gal. Par ailleurs, [&hellip;]<\/p>\n","protected":false},"author":1742,"featured_media":0,"comment_status":"closed","ping_status":"closed","sticky":false,"template":"","format":"standard","meta":{"fifu_image_url":"","fifu_image_alt":"","footnotes":""},"categories":[73,53],"tags":[],"class_list":["post-67914","post","type-post","status-publish","format-standard","hentry","category-actualite","category-algerie"],"_links":{"self":[{"href":"https:\/\/linitiative.ca\/International\/wp-json\/wp\/v2\/posts\/67914","targetHints":{"allow":["GET"]}}],"collection":[{"href":"https:\/\/linitiative.ca\/International\/wp-json\/wp\/v2\/posts"}],"about":[{"href":"https:\/\/linitiative.ca\/International\/wp-json\/wp\/v2\/types\/post"}],"author":[{"embeddable":true,"href":"https:\/\/linitiative.ca\/International\/wp-json\/wp\/v2\/users\/1742"}],"replies":[{"embeddable":true,"href":"https:\/\/linitiative.ca\/International\/wp-json\/wp\/v2\/comments?post=67914"}],"version-history":[{"count":0,"href":"https:\/\/linitiative.ca\/International\/wp-json\/wp\/v2\/posts\/67914\/revisions"}],"wp:attachment":[{"href":"https:\/\/linitiative.ca\/International\/wp-json\/wp\/v2\/media?parent=67914"}],"wp:term":[{"taxonomy":"category","embeddable":true,"href":"https:\/\/linitiative.ca\/International\/wp-json\/wp\/v2\/categories?post=67914"},{"taxonomy":"post_tag","embeddable":true,"href":"https:\/\/linitiative.ca\/International\/wp-json\/wp\/v2\/tags?post=67914"}],"curies":[{"name":"wp","href":"https:\/\/api.w.org\/{rel}","templated":true}]}}