{"id":67915,"date":"2019-11-19T05:00:00","date_gmt":"2019-11-19T10:00:00","guid":{"rendered":"https:\/\/linitiative.ca\/International\/lalgerie-un-marche-a-potentiel\/"},"modified":"2019-11-19T05:00:00","modified_gmt":"2019-11-19T10:00:00","slug":"lalgerie-un-marche-a-potentiel","status":"publish","type":"post","link":"https:\/\/linitiative.ca\/International\/lalgerie-un-marche-a-potentiel\/","title":{"rendered":"L\u2019Alg\u00e9rie, un march\u00e9 \u00e0 potentiel"},"content":{"rendered":"<div id=\"originalText\" readability=\"47\">\n<p>Afin d\u2019encourager les entreprises fran\u00e7aises \u00e0 se lancer \u00e0 l\u2019export ou \u00e0 aborder de nouveaux march\u00e9s, Business France a lanc\u00e9 r\u00e9cemment sa 12e \u00e9dition du guide \u201cAgroalimentaire, o\u00f9 exporter en 2020 ?\u201d. Business France a \u00e9galement s\u00e9lectionn\u00e9 40 march\u00e9s \u00e0 potentiel parmi les clients traditionnels de la France, dont l\u2019Alg\u00e9rie.<\/p>\n<p>Le guide fait \u00e9tat des indicateurs cl\u00e9s (\u00e9volution des importations de France, taille du march\u00e9, facilit\u00e9 \u00e0 faire des affaires\u2026), les forces et les faiblesses du march\u00e9 alg\u00e9rien, les grandes enseignes de distribution et les principales fili\u00e8res pour l\u2019export fran\u00e7ais en 2018. Le document rel\u00e8ve que la grande distribution est peu d\u00e9velopp\u00e9e en Alg\u00e9rie.<\/p>\n<\/div>\n<div id=\"text_core\" readability=\"47\">\n<p>Afin d\u2019encourager les entreprises fran\u00e7aises \u00e0 se lancer \u00e0 l\u2019export ou \u00e0 aborder de nouveaux march\u00e9s, Business France a lanc\u00e9 r\u00e9cemment sa 12e \u00e9dition du guide \u201cAgroalimentaire, o\u00f9 exporter en 2020 ?\u201d. Business France a \u00e9galement s\u00e9lectionn\u00e9 40 march\u00e9s \u00e0 potentiel parmi les clients traditionnels de la France, dont l\u2019Alg\u00e9rie.<\/p>\n<p>Le guide fait \u00e9tat des indicateurs cl\u00e9s (\u00e9volution des importations de France, taille du march\u00e9, facilit\u00e9 \u00e0 faire des affaires\u2026), les forces et les faiblesses du march\u00e9 alg\u00e9rien, les grandes enseignes de distribution et les principales fili\u00e8res pour l\u2019export fran\u00e7ais en 2018. Le document rel\u00e8ve que la grande distribution est peu d\u00e9velopp\u00e9e en Alg\u00e9rie.<\/p>\n<\/div>\n<p>Auteur:<br \/>\n<a href=\"https:\/\/www.liberte-algerie.com\/radar\/lalgerie-un-marche-a-potentiel-328323\">Cliquez ici pour lire l&rsquo;article depuis sa source.<\/a><\/p>\n","protected":false},"excerpt":{"rendered":"<p>Afin d\u2019encourager les entreprises fran\u00e7aises \u00e0 se lancer \u00e0 l\u2019export ou \u00e0 aborder de nouveaux march\u00e9s, Business France a lanc\u00e9 r\u00e9cemment sa 12e \u00e9dition du guide \u201cAgroalimentaire, o\u00f9 exporter en 2020 ?\u201d. Business France a \u00e9galement s\u00e9lectionn\u00e9 40 march\u00e9s \u00e0 potentiel parmi les clients traditionnels de la France, dont l\u2019Alg\u00e9rie. Le guide fait \u00e9tat des [&hellip;]<\/p>\n","protected":false},"author":1742,"featured_media":0,"comment_status":"closed","ping_status":"closed","sticky":false,"template":"","format":"standard","meta":{"fifu_image_url":"","fifu_image_alt":"","footnotes":""},"categories":[73,53],"tags":[],"class_list":["post-67915","post","type-post","status-publish","format-standard","hentry","category-actualite","category-algerie"],"_links":{"self":[{"href":"https:\/\/linitiative.ca\/International\/wp-json\/wp\/v2\/posts\/67915","targetHints":{"allow":["GET"]}}],"collection":[{"href":"https:\/\/linitiative.ca\/International\/wp-json\/wp\/v2\/posts"}],"about":[{"href":"https:\/\/linitiative.ca\/International\/wp-json\/wp\/v2\/types\/post"}],"author":[{"embeddable":true,"href":"https:\/\/linitiative.ca\/International\/wp-json\/wp\/v2\/users\/1742"}],"replies":[{"embeddable":true,"href":"https:\/\/linitiative.ca\/International\/wp-json\/wp\/v2\/comments?post=67915"}],"version-history":[{"count":0,"href":"https:\/\/linitiative.ca\/International\/wp-json\/wp\/v2\/posts\/67915\/revisions"}],"wp:attachment":[{"href":"https:\/\/linitiative.ca\/International\/wp-json\/wp\/v2\/media?parent=67915"}],"wp:term":[{"taxonomy":"category","embeddable":true,"href":"https:\/\/linitiative.ca\/International\/wp-json\/wp\/v2\/categories?post=67915"},{"taxonomy":"post_tag","embeddable":true,"href":"https:\/\/linitiative.ca\/International\/wp-json\/wp\/v2\/tags?post=67915"}],"curies":[{"name":"wp","href":"https:\/\/api.w.org\/{rel}","templated":true}]}}