{"id":67919,"date":"2019-11-19T08:24:00","date_gmt":"2019-11-19T13:24:00","guid":{"rendered":"https:\/\/linitiative.ca\/International\/remise-des-prix-aux-laureats-de-la-1ere-competition-nationale-innov-maroc\/"},"modified":"2019-11-19T08:24:00","modified_gmt":"2019-11-19T13:24:00","slug":"remise-des-prix-aux-laureats-de-la-1ere-competition-nationale-innov-maroc","status":"publish","type":"post","link":"https:\/\/linitiative.ca\/International\/remise-des-prix-aux-laureats-de-la-1ere-competition-nationale-innov-maroc\/","title":{"rendered":"Remise des prix aux laur\u00e9ats de la 1\u00e8re Comp\u00e9tition nationale \u00ab INNOV-Maroc \u00bb"},"content":{"rendered":"<p><iframe loading=\"lazy\" width=\"1170\" height=\"658\" src=\"https:\/\/www.youtube.com\/embed\/_ecFQnP_wC8?feature=oembed\" frameborder=\"0\" allow=\"accelerometer; autoplay; encrypted-media; gyroscope; picture-in-picture\" allowfullscreen=\"\">[embedded content]<\/iframe><\/p>\n<div class=\"single-post-excerpt post-excerpt-bc\" readability=\"39\">\n<p>La c\u00e9r\u00e9monie de remise des prix aux laur\u00e9ats de la 1\u00e8re \u00e9dition de la comp\u00e9tition nationale \u00ab INNOV-Maroc \u00bb, \u00e9tape d\u2019Essaouira, a eu lieu \u00e0 la Cit\u00e9 des Aliz\u00e9s en pr\u00e9sence du pr\u00e9sident-fondateur de l\u2019Association Essaouira Mogador, M. Andr\u00e9 Azoulay et du wali coordinateur national de l\u2019Initiative nationale pour le d\u00e9veloppement humain (INDH), M. Mohamed Dardouri.<\/p>\n<\/div>\n<p>Auteur: Meriem IGASS<br \/>\n<a href=\"http:\/\/www.mapmarrakech.ma\/fr\/remise-des-prix-aux-laureats-de-la-1ere-competition-nationale-innov-maroc\/\">Cliquez ici pour lire l&rsquo;article depuis sa source.<\/a><\/p>\n","protected":false},"excerpt":{"rendered":"<p>[embedded content] La c\u00e9r\u00e9monie de remise des prix aux laur\u00e9ats de la 1\u00e8re \u00e9dition de la comp\u00e9tition nationale \u00ab INNOV-Maroc \u00bb, \u00e9tape d\u2019Essaouira, a eu lieu \u00e0 la Cit\u00e9 des Aliz\u00e9s en pr\u00e9sence du pr\u00e9sident-fondateur de l\u2019Association Essaouira Mogador, M. Andr\u00e9 Azoulay et du wali coordinateur national de l\u2019Initiative nationale pour le d\u00e9veloppement humain (INDH), [&hellip;]<\/p>\n","protected":false},"author":1788,"featured_media":0,"comment_status":"closed","ping_status":"closed","sticky":false,"template":"","format":"standard","meta":{"fifu_image_url":"","fifu_image_alt":"","footnotes":""},"categories":[54,76],"tags":[],"class_list":["post-67919","post","type-post","status-publish","format-standard","hentry","category-maroc","category-regions"],"_links":{"self":[{"href":"https:\/\/linitiative.ca\/International\/wp-json\/wp\/v2\/posts\/67919","targetHints":{"allow":["GET"]}}],"collection":[{"href":"https:\/\/linitiative.ca\/International\/wp-json\/wp\/v2\/posts"}],"about":[{"href":"https:\/\/linitiative.ca\/International\/wp-json\/wp\/v2\/types\/post"}],"author":[{"embeddable":true,"href":"https:\/\/linitiative.ca\/International\/wp-json\/wp\/v2\/users\/1788"}],"replies":[{"embeddable":true,"href":"https:\/\/linitiative.ca\/International\/wp-json\/wp\/v2\/comments?post=67919"}],"version-history":[{"count":0,"href":"https:\/\/linitiative.ca\/International\/wp-json\/wp\/v2\/posts\/67919\/revisions"}],"wp:attachment":[{"href":"https:\/\/linitiative.ca\/International\/wp-json\/wp\/v2\/media?parent=67919"}],"wp:term":[{"taxonomy":"category","embeddable":true,"href":"https:\/\/linitiative.ca\/International\/wp-json\/wp\/v2\/categories?post=67919"},{"taxonomy":"post_tag","embeddable":true,"href":"https:\/\/linitiative.ca\/International\/wp-json\/wp\/v2\/tags?post=67919"}],"curies":[{"name":"wp","href":"https:\/\/api.w.org\/{rel}","templated":true}]}}