{"id":67920,"date":"2019-11-19T10:24:25","date_gmt":"2019-11-19T15:24:25","guid":{"rendered":"https:\/\/linitiative.ca\/International\/drogue-ouverture-dune-enquete-sur-un-couple\/"},"modified":"2019-11-19T10:24:25","modified_gmt":"2019-11-19T15:24:25","slug":"drogue-ouverture-dune-enquete-sur-un-couple","status":"publish","type":"post","link":"https:\/\/linitiative.ca\/International\/drogue-ouverture-dune-enquete-sur-un-couple\/","title":{"rendered":"Drogue: Ouverture d\u2019une enqu\u00eate sur un couple"},"content":{"rendered":"<div class=\"single-featured\"><img alt=\"\" data-src=\"http:\/\/www.mapmarrakech.ma\/map\/uploads\/2019\/11\/DGSN-1.jpg\"\/><\/div>\n<div class=\"single-post-excerpt post-excerpt-bc\" readability=\"38\">\n<p>Rabat \u2013 Le service pr\u00e9fectorale de la police judiciaire de Marrakech a ouvert, lundi soir, une enqu\u00eate judiciaire sous la supervision du parquet comp\u00e9tent, en vue de v\u00e9rifier les actes criminels reproch\u00e9s \u00e0 un couple pr\u00e9sum\u00e9 impliqu\u00e9 dans une affaire de possession et de trafic de drogue et de psychotropes.<\/p>\n<\/div>\n<div class=\"entry-content clearfix single-post-content\" readability=\"50\">\n<p>Selon les \u00e9l\u00e9ments pr\u00e9liminaires de l\u2019enqu\u00eate, la femme mise en cause avait inform\u00e9 les autorit\u00e9s de la pr\u00e9sence de comprim\u00e9s d\u2019ecstasy, qui pourraient appartenir \u00e0 son mari, dans ses bagages, a indiqu\u00e9 la Direction g\u00e9n\u00e9rale de la S\u00fbret\u00e9 nationale (DGSN) dans un communiqu\u00e9.<\/p>\n<p>Cela a n\u00e9cessit\u00e9 l\u2019ouverture d\u2019une enqu\u00eate minutieuse ayant permis la saisie de 2.134 comprim\u00e9s d\u2019ecstasy et l\u2019arrestation du mari suspect\u00e9 de faire passer la drogue dans les bagages de sa femme, pr\u00e9cise le communiqu\u00e9.<\/p>\n<p>Le mari a \u00e9t\u00e9 plac\u00e9 en garde \u00e0 vue \u00e0 la disposition de l\u2019enqu\u00eate men\u00e9e sous la supervision du parquet comp\u00e9tent, alors que l\u2019enqu\u00eate et les investigations se poursuivent avec sa conjointe pour d\u00e9terminer son \u00e9ventuel lien avec ces actes criminels et \u00e9lucider les tenants et aboutissants de cette affaire, a conclu la DGSN.<\/p>\n<\/div>\n<p>Auteur: Meriem IGASS<br \/>\n<a href=\"http:\/\/www.mapmarrakech.ma\/fr\/enquete\/\">Cliquez ici pour lire l&rsquo;article depuis sa source.<\/a><\/p>\n","protected":false},"excerpt":{"rendered":"<p>Rabat \u2013 Le service pr\u00e9fectorale de la police judiciaire de Marrakech a ouvert, lundi soir, une enqu\u00eate judiciaire sous la supervision du parquet comp\u00e9tent, en vue de v\u00e9rifier les actes criminels reproch\u00e9s \u00e0 un couple pr\u00e9sum\u00e9 impliqu\u00e9 dans une affaire de possession et de trafic de drogue et de psychotropes. Selon les \u00e9l\u00e9ments pr\u00e9liminaires de [&hellip;]<\/p>\n","protected":false},"author":1788,"featured_media":67921,"comment_status":"closed","ping_status":"closed","sticky":false,"template":"","format":"standard","meta":{"fifu_image_url":"","fifu_image_alt":"","footnotes":""},"categories":[54,76],"tags":[],"class_list":["post-67920","post","type-post","status-publish","format-standard","has-post-thumbnail","hentry","category-maroc","category-regions"],"_links":{"self":[{"href":"https:\/\/linitiative.ca\/International\/wp-json\/wp\/v2\/posts\/67920","targetHints":{"allow":["GET"]}}],"collection":[{"href":"https:\/\/linitiative.ca\/International\/wp-json\/wp\/v2\/posts"}],"about":[{"href":"https:\/\/linitiative.ca\/International\/wp-json\/wp\/v2\/types\/post"}],"author":[{"embeddable":true,"href":"https:\/\/linitiative.ca\/International\/wp-json\/wp\/v2\/users\/1788"}],"replies":[{"embeddable":true,"href":"https:\/\/linitiative.ca\/International\/wp-json\/wp\/v2\/comments?post=67920"}],"version-history":[{"count":0,"href":"https:\/\/linitiative.ca\/International\/wp-json\/wp\/v2\/posts\/67920\/revisions"}],"wp:featuredmedia":[{"embeddable":true,"href":"https:\/\/linitiative.ca\/International\/wp-json\/"}],"wp:attachment":[{"href":"https:\/\/linitiative.ca\/International\/wp-json\/wp\/v2\/media?parent=67920"}],"wp:term":[{"taxonomy":"category","embeddable":true,"href":"https:\/\/linitiative.ca\/International\/wp-json\/wp\/v2\/categories?post=67920"},{"taxonomy":"post_tag","embeddable":true,"href":"https:\/\/linitiative.ca\/International\/wp-json\/wp\/v2\/tags?post=67920"}],"curies":[{"name":"wp","href":"https:\/\/api.w.org\/{rel}","templated":true}]}}