{"id":67925,"date":"2019-11-19T12:02:21","date_gmt":"2019-11-19T17:02:21","guid":{"rendered":"https:\/\/linitiative.ca\/International\/agence-cnas-dalger-plus-de-82-millions-de-da-dindemnisations-pour-maladies-professionnelles-depuis-janvier-2019\/"},"modified":"2019-11-19T12:02:21","modified_gmt":"2019-11-19T17:02:21","slug":"agence-cnas-dalger-plus-de-82-millions-de-da-dindemnisations-pour-maladies-professionnelles-depuis-janvier-2019","status":"publish","type":"post","link":"https:\/\/linitiative.ca\/International\/agence-cnas-dalger-plus-de-82-millions-de-da-dindemnisations-pour-maladies-professionnelles-depuis-janvier-2019\/","title":{"rendered":"Agence CNAS d&rsquo;Alger: Plus de 82 millions de DA d&rsquo;indemnisations pour maladies professionnelles depuis janvier 2019"},"content":{"rendered":"<div readability=\"39\">\n<p><strong>ALGER- L&rsquo;Agence d&rsquo;Alger de la Caisse nationale des assurances sociales des travailleurs salari\u00e9s (CNAS) a indemnis\u00e9, depuis le d\u00e9but de l&rsquo;ann\u00e9e, pour un montant sup\u00e9rieur \u00e0 82 millions de dinars alg\u00e9riens (DA), plus de 780 assur\u00e9s sociaux pour maladies professionnelles, a-t-on appris mardi aupr\u00e8s du directeur g\u00e9n\u00e9ral de cette structure.<\/strong><\/p>\n<\/div>\n<div readability=\"113\">\n<p>Intervenant en marge de la Journ\u00e9e portes ouvertes organis\u00e9e au Centre de contr\u00f4le m\u00e9dical de Didouche Mourad (Alger) sous le slogan \u00ab\u00a0Les maladies professionnelles: l&rsquo;affaire de tous\u00a0\u00bb, le directeur de l&rsquo;Agence CANS d&rsquo;Alger, Mahfoud Idris, a pr\u00e9cis\u00e9 que depuis le d\u00e9but de l&rsquo;ann\u00e9e 82.477.000<\/p>\n<p>DA ont \u00e9t\u00e9 affect\u00e9 \u00e0 la prise en charge de l&rsquo;indemnisation de 784 assur\u00e9s sociaux atteints de maladies professionnelles et b\u00e9n\u00e9ficiant d&rsquo;une rente \u00ab\u00a0Maladie professionnelle\u00a0\u00bb de plus de 10%, et ce, parmi les 85 tableaux de maladies professionnelles ouvrant droit \u00e0 indemnisation.<\/p>\n<p>Soulignant que le nombre de maladies professionnelles list\u00e9es s&rsquo;\u00e9tait \u00ab\u00a0stabilis\u00e9\u00a0\u00bb gr\u00e2ce \u00e0 la politique nationale de pr\u00e9vention, le m\u00eame responsable a fait savoir que la surdit\u00e9, les maladies respiratoires comme l&rsquo;asthme et les affections cutan\u00e9es telles que l&rsquo;ecz\u00e9ma repr\u00e9sentaient plus de 50% des maladies professionnelles recens\u00e9es.<\/p>\n<p>Les maladies professionnelles sont sournoises et apparaissent progressivement, a-t-il dit, pr\u00e9cisant que leur diagnostic prenait entre six (6) mois et vingt (20) ans, faute de pr\u00e9vention mais aussi parce que\u00a0certains employeurs ne sensibilisent pas aux dangers de ces maladies professionnelles, notamment dans les usines de montage automobile, les usines de textile, les laboratoires d&rsquo;analyses m\u00e9dicales et les chantiers de construction.<\/p>\n<p>Ces portes ouvertes sont l&rsquo;occasion d&rsquo;expliquer la mission de la CNAS pour faire conna\u00eetre les mesures n\u00e9cessaires \u00e0 la promotion de la culture de la pr\u00e9vention en milieu professionnel et \u00e0 l&rsquo;am\u00e9lioration des conditions de travail dans les entreprises.<\/p>\n<p>Dans ce cadre, M. Idris a rappel\u00e9 que les agents des cellules de pr\u00e9vention des maladies professionnelles et des accidents de travail relevant de l&rsquo;Agence CNAS d&rsquo;Alger effectuaient r\u00e9guli\u00e8rement des visites au\u00a0niveau des entreprises publiques et priv\u00e9es ainsi qu&rsquo;au niveau des chantiers de construction pour veiller au respect de la r\u00e9glementation en vigueur, et ce, en ce en coordination avec l&rsquo;Inspection du travail de la\u00a0wilaya.<\/p>\n<p>De son c\u00f4t\u00e9, le sous-directeur des prestations \u00e0 l&rsquo;Agence CNAS d&rsquo;Alger, Azouaou Karim, a indiqu\u00e9 que le montant des indemnisations pour maladies professionnelles est pass\u00e9 de plus de 68 millions Da en 2014 \u00e0 plus de 77 millions en 2015, puis \u00e0 plus de 82 millions en 2016 pour d\u00e9passer en 2018 les 83 millions.<\/p>\n<p>Par ailleurs, la responsable de service de pr\u00e9vention des maladies professionnelles et des accidents de travail \u00e0 la CNAS, Mme Bouloufa Safia, a fait \u00e9tat de 3500 accidents de travail enregistr\u00e9s \u00e0 Alger, durant la p\u00e9riode allant du mois de janvier \u00e0 octobre 2019, entrainant 19 d\u00e9c\u00e8s, notamment au niveau des chantiers.<\/p>\n<p>Soulignant l&rsquo;imp\u00e9ratif de promouvoir la culture de pr\u00e9vention contre les maladies professionnelles et les accidents de travail en milieu professionnel, Mme Bouloufa a \u00e9voqu\u00e9 les campagnes de sensibilisation\u00a0organis\u00e9es par la CNAS tout au long de l&rsquo;ann\u00e9e afin de sensibiliser les travailleurs.<\/p>\n<p>Plusieurs cadres relevant d&rsquo;otganismes sp\u00e9cialis\u00e9s dans le domaine de la pr\u00e9vention, \u00e0 l&rsquo;instar des repr\u00e9sentants de l&rsquo;Institut national de pr\u00e9vention des risques professionnels (INPRP), de la S\u00fbret\u00e9 nationale et de la protection civile, outre des m\u00e9decins sont intervenus durant cette rencontre.<\/p>\n<p>La CNAS organisera, du 3 au 5 d\u00e9cembre prochain sous les auspices du minist\u00e8re du Travail, de l&rsquo;Emploi et de la S\u00e9curit\u00e9 sociale, une conf\u00e9rence internationale sur la pr\u00e9vention des risques professionnels \u00e0 l&rsquo;Ecole sup\u00e9rieure de la s\u00e9curit\u00e9 sociale (Ben Aknoun).<\/p>\n<\/div>\n<p>Auteur:<br \/>\n<a href=\"http:\/\/www.aps.dz\/regions\/97747-agence-cnas-d-alger-plus-de-82-millions-de-da-d-indemnisations-pour-maladies-professionnelles-depuis-janvier-2019\">Cliquez ici pour lire l&rsquo;article depuis sa source.<\/a><\/p>\n","protected":false},"excerpt":{"rendered":"<p>ALGER- L&rsquo;Agence d&rsquo;Alger de la Caisse nationale des assurances sociales des travailleurs salari\u00e9s (CNAS) a indemnis\u00e9, depuis le d\u00e9but de l&rsquo;ann\u00e9e, pour un montant sup\u00e9rieur \u00e0 82 millions de dinars alg\u00e9riens (DA), plus de 780 assur\u00e9s sociaux pour maladies professionnelles, a-t-on appris mardi aupr\u00e8s du directeur g\u00e9n\u00e9ral de cette structure. Intervenant en marge de la [&hellip;]<\/p>\n","protected":false},"author":1790,"featured_media":0,"comment_status":"closed","ping_status":"closed","sticky":false,"template":"","format":"standard","meta":{"fifu_image_url":"","fifu_image_alt":"","footnotes":""},"categories":[53,76],"tags":[],"class_list":["post-67925","post","type-post","status-publish","format-standard","hentry","category-algerie","category-regions"],"_links":{"self":[{"href":"https:\/\/linitiative.ca\/International\/wp-json\/wp\/v2\/posts\/67925","targetHints":{"allow":["GET"]}}],"collection":[{"href":"https:\/\/linitiative.ca\/International\/wp-json\/wp\/v2\/posts"}],"about":[{"href":"https:\/\/linitiative.ca\/International\/wp-json\/wp\/v2\/types\/post"}],"author":[{"embeddable":true,"href":"https:\/\/linitiative.ca\/International\/wp-json\/wp\/v2\/users\/1790"}],"replies":[{"embeddable":true,"href":"https:\/\/linitiative.ca\/International\/wp-json\/wp\/v2\/comments?post=67925"}],"version-history":[{"count":0,"href":"https:\/\/linitiative.ca\/International\/wp-json\/wp\/v2\/posts\/67925\/revisions"}],"wp:attachment":[{"href":"https:\/\/linitiative.ca\/International\/wp-json\/wp\/v2\/media?parent=67925"}],"wp:term":[{"taxonomy":"category","embeddable":true,"href":"https:\/\/linitiative.ca\/International\/wp-json\/wp\/v2\/categories?post=67925"},{"taxonomy":"post_tag","embeddable":true,"href":"https:\/\/linitiative.ca\/International\/wp-json\/wp\/v2\/tags?post=67925"}],"curies":[{"name":"wp","href":"https:\/\/api.w.org\/{rel}","templated":true}]}}