{"id":67926,"date":"2019-11-19T13:51:18","date_gmt":"2019-11-19T18:51:18","guid":{"rendered":"https:\/\/linitiative.ca\/International\/ouargla-le-moineau-blanc-observe-pour-la-premiere-fois-a-touggourt\/"},"modified":"2019-11-19T13:51:18","modified_gmt":"2019-11-19T18:51:18","slug":"ouargla-le-moineau-blanc-observe-pour-la-premiere-fois-a-touggourt","status":"publish","type":"post","link":"https:\/\/linitiative.ca\/International\/ouargla-le-moineau-blanc-observe-pour-la-premiere-fois-a-touggourt\/","title":{"rendered":"Ouargla : le moineau blanc observ\u00e9 pour la premi\u00e8re fois \u00e0 Touggourt"},"content":{"rendered":"<div readability=\"37\">\n<p><strong>OUARGLA &#8211; Une esp\u00e8ce d\u2019oiseau, le moineau blanc, a \u00e9t\u00e9 observ\u00e9e pour la premi\u00e8re fois r\u00e9cemment dans les zones de Blidet Amor et Goug (Sud de Touggourt), ont confirm\u00e9 mardi les services de la conservation des for\u00eats (CF) de la wilaya d\u2019Ouargla.<\/strong><\/p>\n<\/div>\n<div readability=\"71\">\n<p>Cette nouvelle observation d\u2019ornithologie a \u00e9t\u00e9 op\u00e9r\u00e9e suite \u00e0 une tourn\u00e9e de reconnaissance effectu\u00e9e par les \u00e9l\u00e9ments des services des for\u00eats dans certaines zones de la r\u00e9gion, a expliqu\u00e9 la responsable du secteur des for\u00eats de Touggourt, Nedjla Adhamou.<\/p>\n<p>Observ\u00e9 auparavant dans d\u2019autres r\u00e9gions du Sud, \u00e0 l\u2019instar de Djanet (Illizi), B\u00e9char, El-Menea (Gharda\u00efa) et la r\u00e9gion frontali\u00e8re d\u2019El-Borma (Ouargla), ce volatile, faisant partie des oiseaux menac\u00e9s d\u2019extinction, peut s\u2019adapter aux diverses conditions climatiques.<\/p>\n<p>Long de 16 cm avec un poids oscillant de 24 \u00e0 39 gr, le moineau blanc, un genre au plumage ocre, blanc et noir, est un insectivore et granivore vivant dans diff\u00e9rentes r\u00e9gions du monde, dont l\u2019Afrique du Nord.<\/p>\n<p>La conservation des for\u00eats a relev\u00e9 ces derni\u00e8res ann\u00e9es \u00ab\u00a0une croissance remarquable\u00a0\u00bb de l\u2019avifaune rare en pr\u00e9dilection dans la r\u00e9gion, n\u00e9cessitant une \u00e9tude et un suivi pour de nouvelles d\u00e9couvertes d\u2019oiseaux, a estim\u00e9 la m\u00eame responsable, ajoutant que, par souci de d\u00e9velopper l\u2019op\u00e9ration d\u2019observation et de d\u00e9nombrement de l\u2019avifaune dans la r\u00e9gion, la conservation des for\u00eats de Touggourt a mobilis\u00e9 tous les moyens humains et mat\u00e9riels en vue de la protection de cette richesse.<\/p>\n<p>Plus de 150 oiseaux de diff\u00e9rentes esp\u00e8ces ont \u00e9t\u00e9 d\u00e9nombr\u00e9s dans la r\u00e9gion, notamment pr\u00e8s des points d\u2019abreuvage, des zones pastorales et des installations de nomades, a-t-elle indiqu\u00e9.<\/p>\n<\/div>\n<p>Auteur:<br \/>\n<a href=\"http:\/\/www.aps.dz\/regions\/97757-ouargla-le-moineau-blanc-observe-pour-la-premiere-fois-a-touggourt\">Cliquez ici pour lire l&rsquo;article depuis sa source.<\/a><\/p>\n","protected":false},"excerpt":{"rendered":"<p>OUARGLA &#8211; Une esp\u00e8ce d\u2019oiseau, le moineau blanc, a \u00e9t\u00e9 observ\u00e9e pour la premi\u00e8re fois r\u00e9cemment dans les zones de Blidet Amor et Goug (Sud de Touggourt), ont confirm\u00e9 mardi les services de la conservation des for\u00eats (CF) de la wilaya d\u2019Ouargla. Cette nouvelle observation d\u2019ornithologie a \u00e9t\u00e9 op\u00e9r\u00e9e suite \u00e0 une tourn\u00e9e de reconnaissance [&hellip;]<\/p>\n","protected":false},"author":1790,"featured_media":0,"comment_status":"closed","ping_status":"closed","sticky":false,"template":"","format":"standard","meta":{"fifu_image_url":"","fifu_image_alt":"","footnotes":""},"categories":[53,76],"tags":[],"class_list":["post-67926","post","type-post","status-publish","format-standard","hentry","category-algerie","category-regions"],"_links":{"self":[{"href":"https:\/\/linitiative.ca\/International\/wp-json\/wp\/v2\/posts\/67926","targetHints":{"allow":["GET"]}}],"collection":[{"href":"https:\/\/linitiative.ca\/International\/wp-json\/wp\/v2\/posts"}],"about":[{"href":"https:\/\/linitiative.ca\/International\/wp-json\/wp\/v2\/types\/post"}],"author":[{"embeddable":true,"href":"https:\/\/linitiative.ca\/International\/wp-json\/wp\/v2\/users\/1790"}],"replies":[{"embeddable":true,"href":"https:\/\/linitiative.ca\/International\/wp-json\/wp\/v2\/comments?post=67926"}],"version-history":[{"count":0,"href":"https:\/\/linitiative.ca\/International\/wp-json\/wp\/v2\/posts\/67926\/revisions"}],"wp:attachment":[{"href":"https:\/\/linitiative.ca\/International\/wp-json\/wp\/v2\/media?parent=67926"}],"wp:term":[{"taxonomy":"category","embeddable":true,"href":"https:\/\/linitiative.ca\/International\/wp-json\/wp\/v2\/categories?post=67926"},{"taxonomy":"post_tag","embeddable":true,"href":"https:\/\/linitiative.ca\/International\/wp-json\/wp\/v2\/tags?post=67926"}],"curies":[{"name":"wp","href":"https:\/\/api.w.org\/{rel}","templated":true}]}}