{"id":67928,"date":"2019-11-19T10:54:34","date_gmt":"2019-11-19T15:54:34","guid":{"rendered":"https:\/\/linitiative.ca\/International\/plusieurs-mesures-prises-pour-faire-face-aux-chutes-de-neige\/"},"modified":"2019-11-19T10:54:34","modified_gmt":"2019-11-19T15:54:34","slug":"plusieurs-mesures-prises-pour-faire-face-aux-chutes-de-neige","status":"publish","type":"post","link":"https:\/\/linitiative.ca\/International\/plusieurs-mesures-prises-pour-faire-face-aux-chutes-de-neige\/","title":{"rendered":"Plusieurs mesures prises pour faire face aux chutes de neige"},"content":{"rendered":"<p class=\"c1\">Plusieurs mesures ont \u00e9t\u00e9 prises par les autorit\u00e9s provinciales de\u00a0Guercif\u00a0pour faire face aux r\u00e9percussions des importantes chutes de neige et \u00e0 la baisse des temp\u00e9ratures enregistr\u00e9es au niveau de cette province.<\/p>\n<p class=\"c1\">Suite aux importantes chutes de neige enregistr\u00e9es dans la nuit du vendredi 15 au samedi 16 novembre courant dans la commune de Berkine, dans la province de\u00a0Guercif, il a \u00e9t\u00e9 proc\u00e9d\u00e9 \u00e0 la mobilisation des ressources humaines et logistiques et des moyens d\u2019intervention n\u00e9cessaires, ainsi qu\u2019\u00e0 la formation, par l\u2019autorit\u00e9 provinciale, d\u2019un comit\u00e9 provincial d\u00e9di\u00e9 \u00e0 cet effet, indique un communiqu\u00e9 de la pr\u00e9fecture de la province de\u00a0Guercif\u00a0parvenu \u00e0 la MAP.<\/p>\n<p class=\"c1\">Ce comit\u00e9 compte pour membres l\u2019autorit\u00e9 provinciale, le pr\u00e9sident de la commune de Berkine, le commandant provincial des Forces auxiliaires, le repr\u00e9sentant du commandement provincial de la Gendarmerie Royale, le commandant provincial de la Protection civile, le directeur provincial de l\u2019Equipement, du transport et de la logistique, les d\u00e9l\u00e9gu\u00e9s provinciaux de la Sant\u00e9 et de l\u2019Entraide nationale et les repr\u00e9sentants des directions provinciales des Eaux et for\u00eats et de l\u2019Education nationale, pr\u00e9cise le communiqu\u00e9.<\/p>\n<p class=\"c1\">Ce comit\u00e9, qui s\u2019est rendu sur place d\u00e8s samedi 16 novembre \u00e0 07h00, a pris les mesures n\u00e9cessaire pour garantir la circulation des moyens de transport et de la population sur les axes routiers et pistes menant aux diff\u00e9rents douars concern\u00e9s par les chutes de neige dans la commune de Berkine, comme Tamejilt, Beni Bouyloul, Beni Abdellah, Timzray et Beni Maqbel.<\/p>\n<p class=\"c1\">Un chasse-neige et trois tractopelles ont ainsi \u00e9t\u00e9 utilis\u00e9s pour d\u00e9neiger la route r\u00e9gionale n\u00b0504 (axe routier entre le cercle de la commune de Tamejilt et douar Tamejilt sur 40 km), la route provinciale n\u00b05125 (axe routier entre douar Tamejilt et douar Beni Bouyloul sur 12,5 km), la piste routi\u00e8re reliant la route provinciale n\u00b02125 et douar Beni Abdellah sur 4 km et la piste routi\u00e8re reliant la route r\u00e9gionale n\u00b0504 et douar Timezray sur 8 km.<\/p>\n<p class=\"c1\">La m\u00eame source pr\u00e9cse que les travaux de d\u00e9neigement se poursuivent sur la route r\u00e9gionale n\u00b0504 au niveau de l\u2019axe routier reliant douar Tamejilt \u00e0 Imouzzar Mermoucha (province de Boulemane).<\/p>\n<p class=\"c1\">L\u2019autorit\u00e9 provinciale et les membres du comit\u00e9 ont aussi tenu une rencontre de communication avec les habitants de douar Tamejilt, qui ont salu\u00e9 la r\u00e9activit\u00e9 des autorit\u00e9s locales et de l\u2019ensemble des intervenants vis-\u00e0-vis de cette situation r\u00e9sultant des perturbations m\u00e9t\u00e9orologiques. Lors de cette r\u00e9union, les habitants ont \u00e9t\u00e9 sensibilis\u00e9s \u00e0 la n\u00e9cessit\u00e9 de faire preuve de vigilance et de prendre les mesures pr\u00e9ventives n\u00e9cessaire pour eux et leurs biens.<\/p>\n<p class=\"c1\">Par la suite, la d\u00e9l\u00e9gation s\u2019est rendue au douar Beni Maqbel pour s\u2019enqu\u00e9rir in situ du d\u00e9roulement de la caravane m\u00e9dicale organis\u00e9e par la d\u00e9l\u00e9gation de la Sant\u00e9 de\u00a0Guercif, en collaboration et en coordination avec la pr\u00e9fecture de la province de\u00a0Guercif, le conseil provincial de\u00a0Guercif, le bureau provincial du Croissant rouge marocain et la commune de Berkine en faveur des habitants du douar Beni Maqbel et du douar Beni Bouyloul, dans le cadre de l\u2019att\u00e9nuation des effet de la vague de froid.<\/p>\n<p class=\"c1\">Cette caravane est encadr\u00e9e notamment par 9 m\u00e9decins, dont 4 sp\u00e9cialistes, avec l\u2019aide de 14 infirmiers, 12 auxiliaires de sant\u00e9 relevant du Croissant rouge marocain et de deux animateurs sp\u00e9cialis\u00e9s dans les programmes de sant\u00e9.<\/p>\n<p class=\"c1\">Cette initiative a profit\u00e9 \u00e0 434 b\u00e9n\u00e9ficiaires, dont 204 femmes et 56 enfants, dans diff\u00e9rentes sp\u00e9cialit\u00e9s comme les diagnostics g\u00e9n\u00e9raux, la radiographie, la sant\u00e9 reproductive, la p\u00e9diatrie, l\u2019ophtalmologie, la m\u00e9decine dentaire et la sant\u00e9 scolaire.<\/p>\n<p class=\"c1\">Les b\u00e9n\u00e9ficiaires ont \u00e9galement re\u00e7u, \u00e0 titre gracieux, des m\u00e9dicaments selon leurs cas de sant\u00e9, sachant qu\u2019il a \u00e9t\u00e9 proc\u00e9d\u00e9 \u00e0 la d\u00e9termination des cas qui n\u00e9cessitent un suivi m\u00e9dical.<\/p>\n<p class=\"c1\">Par ailleurs, l\u2019autorit\u00e9 provinciale a tenu, dans le m\u00eame douar, une r\u00e9union de ce comit\u00e9 en pr\u00e9sence du pr\u00e9sident et des membres de la commune de Berkine, durant lequel un accent a \u00e9t\u00e9 mis sur la n\u00e9cessit\u00e9 de maintenir la veille et la vigilance pour faire face \u00e0 tout danger li\u00e9 aux conditions m\u00e9t\u00e9orologiques.<\/p>\n<p class=\"c1\">Les participants ont aussi convenu de mobiliser l\u2019ensemble des moyens humains et logistiques et des outils d\u2019intervention, de secours, d\u2019h\u00e9bergement et d\u2019assistance, et garantir leur proximit\u00e9 avec les zones d\u2019intervention pour se mettre \u00e0 la disposition des habitants sans d\u00e9lai.<\/p>\n<p class=\"c1\">La r\u00e9union a \u00e9galement soulign\u00e9 l\u2019importance d\u2019activer l\u2019approche proactive aupr\u00e8s de l\u2019ensemble des intervenants et d\u2019\u0153uvrer sur le terrain dans le cadre d\u2019une coordination permanente, en vue de garantir l\u2019efficacit\u00e9 et le succ\u00e8s des diff\u00e9rentes interventions.<\/p>\n<p class=\"c1\">En outre, il a \u00e9t\u00e9 convenu de prendre toutes les mesures op\u00e9rationnelles pour aider la population locale et d\u00e9gager les routes et les pistes en vue de garantir la circulation, tout en veillant \u00e0 la sensibilisation des habitants sur ces mesures et \u00e0 la participation de la soci\u00e9t\u00e9 civile dans ces actions visant \u00e0 prot\u00e9ger et aider la population locale pendant les p\u00e9riodes marqu\u00e9es par de mauvaises conditions climatiques et comportant des risques.<\/p>\n<p class=\"c1\">D\u2019autre part, l\u2019autorit\u00e9 provinciale a rappel\u00e9 que d\u2019autres initiatives ont \u00e9t\u00e9 lanc\u00e9es de mani\u00e8re proactive, comme la distribution au niveau de cette commune de 100 fours par les services des Eaux et for\u00eats en coordination avec les autorit\u00e9s locales, en plus du lancement de l\u2019op\u00e9ration de distribution d\u2019orge subventionn\u00e9e en faveur des \u00e9leveurs locaux.<\/p>\n<p class=\"c1\">L\u2019autorit\u00e9 provinciale a aussi fait savoir que d\u2019autres initiatives seront men\u00e9es prochainement, notamment deux caravanes m\u00e9dicales qui seront organis\u00e9es les 23 et 30 novembre respectivement au douar Tamsset (commune de Ras Leksar) et au douar Tamejilt (commune de Berkine), appelant l\u2019ensemble des intervenants \u00e0 contribuer au succ\u00e8s de ces initiatives au profit de la population locale, \u00e0 maintenir une communication permanente et \u00e0 conjuguer les efforts pour relever tous les d\u00e9fis.<\/p>\n<p>Auteur: Soufiane ELAHMAR<br \/>\n<a href=\"http:\/\/www.mapoujda.ma\/fr\/plusieurs-mesures-prises-pour-faire-face-aux-chutes-de-neige\/\">Cliquez ici pour lire l&rsquo;article depuis sa source.<\/a><\/p>\n","protected":false},"excerpt":{"rendered":"<p>Plusieurs mesures ont \u00e9t\u00e9 prises par les autorit\u00e9s provinciales de\u00a0Guercif\u00a0pour faire face aux r\u00e9percussions des importantes chutes de neige et \u00e0 la baisse des temp\u00e9ratures enregistr\u00e9es au niveau de cette province. Suite aux importantes chutes de neige enregistr\u00e9es dans la nuit du vendredi 15 au samedi 16 novembre courant dans la commune de Berkine, dans [&hellip;]<\/p>\n","protected":false},"author":1788,"featured_media":0,"comment_status":"closed","ping_status":"closed","sticky":false,"template":"","format":"standard","meta":{"fifu_image_url":"","fifu_image_alt":"","footnotes":""},"categories":[54,76],"tags":[],"class_list":["post-67928","post","type-post","status-publish","format-standard","hentry","category-maroc","category-regions"],"_links":{"self":[{"href":"https:\/\/linitiative.ca\/International\/wp-json\/wp\/v2\/posts\/67928","targetHints":{"allow":["GET"]}}],"collection":[{"href":"https:\/\/linitiative.ca\/International\/wp-json\/wp\/v2\/posts"}],"about":[{"href":"https:\/\/linitiative.ca\/International\/wp-json\/wp\/v2\/types\/post"}],"author":[{"embeddable":true,"href":"https:\/\/linitiative.ca\/International\/wp-json\/wp\/v2\/users\/1788"}],"replies":[{"embeddable":true,"href":"https:\/\/linitiative.ca\/International\/wp-json\/wp\/v2\/comments?post=67928"}],"version-history":[{"count":0,"href":"https:\/\/linitiative.ca\/International\/wp-json\/wp\/v2\/posts\/67928\/revisions"}],"wp:attachment":[{"href":"https:\/\/linitiative.ca\/International\/wp-json\/wp\/v2\/media?parent=67928"}],"wp:term":[{"taxonomy":"category","embeddable":true,"href":"https:\/\/linitiative.ca\/International\/wp-json\/wp\/v2\/categories?post=67928"},{"taxonomy":"post_tag","embeddable":true,"href":"https:\/\/linitiative.ca\/International\/wp-json\/wp\/v2\/tags?post=67928"}],"curies":[{"name":"wp","href":"https:\/\/api.w.org\/{rel}","templated":true}]}}