{"id":67929,"date":"2019-11-19T15:14:37","date_gmt":"2019-11-19T20:14:37","guid":{"rendered":"https:\/\/linitiative.ca\/International\/equipe-dalgerie-belmadi-pas-dapprehension-particuliere-avant-le-tirage-au-sort-des-eliminatoires-du-mondial-sauf-que\/"},"modified":"2019-11-19T15:14:37","modified_gmt":"2019-11-19T20:14:37","slug":"equipe-dalgerie-belmadi-pas-dapprehension-particuliere-avant-le-tirage-au-sort-des-eliminatoires-du-mondial-sauf-que","status":"publish","type":"post","link":"https:\/\/linitiative.ca\/International\/equipe-dalgerie-belmadi-pas-dapprehension-particuliere-avant-le-tirage-au-sort-des-eliminatoires-du-mondial-sauf-que\/","title":{"rendered":"Equipe d&rsquo;Alg\u00e9rie : Belmadi: \u00abPas d\u2019appr\u00e9hension particuli\u00e8re avant le tirage au sort des \u00e9liminatoires du Mondial, sauf que\u2026\u00bb"},"content":{"rendered":"<div readability=\"32\">\n<p>Auteur : <span>S.F.<\/span> <span class=\"time\">mardi 19 novembre 2019 17:36<\/span><\/p>\n<\/div>\n<div id=\"post_core\" readability=\"36\">\n<p>Le 10 janvier prochain \u00e0 Doha se tiendra le tirage au sort des \u00e9liminatoires de la Coupe du Monde 2022. Belmadi assure ne pas avoir d\u2019appr\u00e9hension particuli\u00e8re : \u00abJe n\u2019ai pas d\u2019appr\u00e9hension particuli\u00e8re avant ce tirage au sort. On prendra les adversaires qui viendront sur notre route. Apr\u00e8s, j\u2019esp\u00e8re qu\u2019on n\u2019aura pas \u00e0 faire de longs voyages. Je trouve bizarre que les trois adversaires de notre poule des \u00e9liminatoires de la CAN 2021 soient de la m\u00eame r\u00e9gion. Oblig\u00e9s de faire \u00e0 chaque fois de tr\u00e8s longs voyages.\u00bb<\/p>\n<p><strong>Publi\u00e9 dans :<\/strong> <span>Belmadi<\/span><\/p>\n<\/div>\n<p>Auteur:<br \/>\n<a href=\"http:\/\/www.lebuteur.com\/article\/detail?titre=belmadi-pas-dapprehension-particuliere-avant-le-tirage-au-sort-des-eliminatoires-du-mondial-sauf-que%E2%80%A6&#038;id=93059&#038;utm_source=feedburner&#038;utm_medium=feed&#038;utm_campaign=Feed%3A+GalerieFArtciles+%28Les+derniers+articles++-+lebuteur.com%29\">Cliquez ici pour lire l&rsquo;article depuis sa source.<\/a><\/p>\n","protected":false},"excerpt":{"rendered":"<p>Auteur : S.F. mardi 19 novembre 2019 17:36 Le 10 janvier prochain \u00e0 Doha se tiendra le tirage au sort des \u00e9liminatoires de la Coupe du Monde 2022. Belmadi assure ne pas avoir d\u2019appr\u00e9hension particuli\u00e8re : \u00abJe n\u2019ai pas d\u2019appr\u00e9hension particuli\u00e8re avant ce tirage au sort. On prendra les adversaires qui viendront sur notre route. [&hellip;]<\/p>\n","protected":false},"author":1738,"featured_media":67930,"comment_status":"closed","ping_status":"closed","sticky":false,"template":"","format":"standard","meta":{"fifu_image_url":"","fifu_image_alt":"","footnotes":""},"categories":[53,75],"tags":[],"class_list":["post-67929","post","type-post","status-publish","format-standard","has-post-thumbnail","hentry","category-algerie","category-sport"],"_links":{"self":[{"href":"https:\/\/linitiative.ca\/International\/wp-json\/wp\/v2\/posts\/67929","targetHints":{"allow":["GET"]}}],"collection":[{"href":"https:\/\/linitiative.ca\/International\/wp-json\/wp\/v2\/posts"}],"about":[{"href":"https:\/\/linitiative.ca\/International\/wp-json\/wp\/v2\/types\/post"}],"author":[{"embeddable":true,"href":"https:\/\/linitiative.ca\/International\/wp-json\/wp\/v2\/users\/1738"}],"replies":[{"embeddable":true,"href":"https:\/\/linitiative.ca\/International\/wp-json\/wp\/v2\/comments?post=67929"}],"version-history":[{"count":0,"href":"https:\/\/linitiative.ca\/International\/wp-json\/wp\/v2\/posts\/67929\/revisions"}],"wp:featuredmedia":[{"embeddable":true,"href":"https:\/\/linitiative.ca\/International\/wp-json\/"}],"wp:attachment":[{"href":"https:\/\/linitiative.ca\/International\/wp-json\/wp\/v2\/media?parent=67929"}],"wp:term":[{"taxonomy":"category","embeddable":true,"href":"https:\/\/linitiative.ca\/International\/wp-json\/wp\/v2\/categories?post=67929"},{"taxonomy":"post_tag","embeddable":true,"href":"https:\/\/linitiative.ca\/International\/wp-json\/wp\/v2\/tags?post=67929"}],"curies":[{"name":"wp","href":"https:\/\/api.w.org\/{rel}","templated":true}]}}