{"id":67935,"date":"2019-11-19T15:14:43","date_gmt":"2019-11-19T20:14:43","guid":{"rendered":"https:\/\/linitiative.ca\/International\/pros-zeffane-est-optimiste-pour-le-mercato-dhiver\/"},"modified":"2019-11-19T15:14:43","modified_gmt":"2019-11-19T20:14:43","slug":"pros-zeffane-est-optimiste-pour-le-mercato-dhiver","status":"publish","type":"post","link":"https:\/\/linitiative.ca\/International\/pros-zeffane-est-optimiste-pour-le-mercato-dhiver\/","title":{"rendered":"Pros : Zeffane est optimiste pour le mercato d&rsquo;hiver"},"content":{"rendered":"<div readability=\"32\">\n<p>Auteur : <span class=\"time\">mardi 19 novembre 2019 20:43<\/span><\/p>\n<\/div>\n<div id=\"post_core\" readability=\"53\">\n<p>L&rsquo;international alg\u00e9rien s&rsquo;est en effet engag\u00e9 avec une nouvelle agence pour s&rsquo;occuper de son dossier. Zeffane esp\u00e8re trouver un nouveau club en janvier comme il le d\u00e9clare dans cet entretien accord\u00e9 \u00e0 France Football :<\/p>\n<p>\u00ab\u00a0Je n&rsquo;ai jamais eu de soucis partout o\u00f9 je suis all\u00e9 dans le football. J&rsquo;ai toujours \u00e9t\u00e9 appr\u00e9ci\u00e9 et respect\u00e9 partout le monde. Des joueurs aux dirigeants en passant par les staffs. L&rsquo;image est tr\u00e8s importante pour moi et le fait que certaines personnes aient pu parler en mon nom, sans mon autorisation, cela a eu un impact sur ma cr\u00e9dibilit\u00e9 aupr\u00e8s de nombreux clubs et \u00e7a me d\u00e9range \u00e9norm\u00e9ment.<\/p>\n<p>Mais c&rsquo;est une chose qui est d\u00e9sormais r\u00e9gl\u00e9e car j&rsquo;ai r\u00e9cemment sign\u00e9 avec une agence lyonnaise. \u00c7a rassure aussi les clubs. Il y a d\u00e9j\u00e0 des discussions, des propositions qui sont en cours. Mais certaines concernent des Championnats o\u00f9 le recrutement n&rsquo;est pas ouvert, m\u00eame pour un joueur libre. Du coup, avec mon agent, on est tr\u00e8s optimistes pour janvier. En attendant, je me pr\u00e9pare chez moi, \u00e0 Lyon, avec des entra\u00eenements collectifs au sein d&rsquo;un club local mais aussi avec des entra\u00eenements personnels dirig\u00e9s par un coach.\u00a0\u00bb<\/p>\n<p><strong>Publi\u00e9 dans :<\/strong> <span>zeffane<\/span><\/p>\n<\/div>\n<p>Auteur:<br \/>\n<a href=\"http:\/\/www.lebuteur.com\/article\/detail?titre=zeffane-est-optimiste-pour-le-mercato-dhiver&#038;id=93063&#038;utm_source=feedburner&#038;utm_medium=feed&#038;utm_campaign=Feed%3A+GalerieFArtciles+%28Les+derniers+articles++-+lebuteur.com%29\">Cliquez ici pour lire l&rsquo;article depuis sa source.<\/a><\/p>\n","protected":false},"excerpt":{"rendered":"<p>Auteur : mardi 19 novembre 2019 20:43 L&rsquo;international alg\u00e9rien s&rsquo;est en effet engag\u00e9 avec une nouvelle agence pour s&rsquo;occuper de son dossier. Zeffane esp\u00e8re trouver un nouveau club en janvier comme il le d\u00e9clare dans cet entretien accord\u00e9 \u00e0 France Football : \u00ab\u00a0Je n&rsquo;ai jamais eu de soucis partout o\u00f9 je suis all\u00e9 dans le [&hellip;]<\/p>\n","protected":false},"author":1738,"featured_media":67936,"comment_status":"closed","ping_status":"closed","sticky":false,"template":"","format":"standard","meta":{"fifu_image_url":"","fifu_image_alt":"","footnotes":""},"categories":[53,75],"tags":[],"class_list":["post-67935","post","type-post","status-publish","format-standard","has-post-thumbnail","hentry","category-algerie","category-sport"],"_links":{"self":[{"href":"https:\/\/linitiative.ca\/International\/wp-json\/wp\/v2\/posts\/67935","targetHints":{"allow":["GET"]}}],"collection":[{"href":"https:\/\/linitiative.ca\/International\/wp-json\/wp\/v2\/posts"}],"about":[{"href":"https:\/\/linitiative.ca\/International\/wp-json\/wp\/v2\/types\/post"}],"author":[{"embeddable":true,"href":"https:\/\/linitiative.ca\/International\/wp-json\/wp\/v2\/users\/1738"}],"replies":[{"embeddable":true,"href":"https:\/\/linitiative.ca\/International\/wp-json\/wp\/v2\/comments?post=67935"}],"version-history":[{"count":0,"href":"https:\/\/linitiative.ca\/International\/wp-json\/wp\/v2\/posts\/67935\/revisions"}],"wp:featuredmedia":[{"embeddable":true,"href":"https:\/\/linitiative.ca\/International\/wp-json\/"}],"wp:attachment":[{"href":"https:\/\/linitiative.ca\/International\/wp-json\/wp\/v2\/media?parent=67935"}],"wp:term":[{"taxonomy":"category","embeddable":true,"href":"https:\/\/linitiative.ca\/International\/wp-json\/wp\/v2\/categories?post=67935"},{"taxonomy":"post_tag","embeddable":true,"href":"https:\/\/linitiative.ca\/International\/wp-json\/wp\/v2\/tags?post=67935"}],"curies":[{"name":"wp","href":"https:\/\/api.w.org\/{rel}","templated":true}]}}