{"id":67937,"date":"2019-11-19T15:14:45","date_gmt":"2019-11-19T20:14:45","guid":{"rendered":"https:\/\/linitiative.ca\/International\/international-officiel-tottenham-se-separe-de-pochettino\/"},"modified":"2019-11-19T15:14:45","modified_gmt":"2019-11-19T20:14:45","slug":"international-officiel-tottenham-se-separe-de-pochettino","status":"publish","type":"post","link":"https:\/\/linitiative.ca\/International\/international-officiel-tottenham-se-separe-de-pochettino\/","title":{"rendered":"International : Officiel : Tottenham se s\u00e9pare de Pochettino !"},"content":{"rendered":"<div readability=\"32\">\n<p>Auteur : <span class=\"time\">mardi 19 novembre 2019 20:48<\/span><\/p>\n<\/div>\n<div id=\"post_core\" readability=\"43\">\n<p>Finaliste de la derni\u00e8re Ligue des Champions, Tottenham vit un d\u00e9but de saison tr\u00e8s compliqu\u00e9. Et alors que les rumeurs se multipliaient autour de l\u2019avenir de Mauricio Pochettino, le verdict est donc tomb\u00e9 ce mardi. En effet, les Spurs viennent d\u2019annoncer le d\u00e9part du technicien argentin. Patron de Tottenham, Daniel Levy a confi\u00e9 sur le site du club : \u00ab Ce n\u2019est pas une d\u00e9cision que la direction a pris \u00e0 la l\u00e9g\u00e8re. Malheureusement, les r\u00e9sultats \u00e0 la fin de la saison derni\u00e8re et depuis le d\u00e9but de la saison sont extr\u00eamement d\u00e9cevants. Il incombe \u00e0 la direction de prendre des d\u00e9cisions difficiles, celle-ci l\u2019est.\u00bbrapporte Le 10 Sport.<\/p>\n<p><strong>Publi\u00e9 dans :<\/strong> <span>Pochettino<\/span><\/p>\n<\/div>\n<p>Auteur:<br \/>\n<a href=\"http:\/\/www.lebuteur.com\/article\/detail?titre=officiel-tottenham-se-separe-de-pochettino&#038;id=93062&#038;utm_source=feedburner&#038;utm_medium=feed&#038;utm_campaign=Feed%3A+GalerieFArtciles+%28Les+derniers+articles++-+lebuteur.com%29\">Cliquez ici pour lire l&rsquo;article depuis sa source.<\/a><\/p>\n","protected":false},"excerpt":{"rendered":"<p>Auteur : mardi 19 novembre 2019 20:48 Finaliste de la derni\u00e8re Ligue des Champions, Tottenham vit un d\u00e9but de saison tr\u00e8s compliqu\u00e9. Et alors que les rumeurs se multipliaient autour de l\u2019avenir de Mauricio Pochettino, le verdict est donc tomb\u00e9 ce mardi. En effet, les Spurs viennent d\u2019annoncer le d\u00e9part du technicien argentin. Patron de [&hellip;]<\/p>\n","protected":false},"author":1738,"featured_media":67938,"comment_status":"closed","ping_status":"closed","sticky":false,"template":"","format":"standard","meta":{"fifu_image_url":"","fifu_image_alt":"","footnotes":""},"categories":[53,75],"tags":[],"class_list":["post-67937","post","type-post","status-publish","format-standard","has-post-thumbnail","hentry","category-algerie","category-sport"],"_links":{"self":[{"href":"https:\/\/linitiative.ca\/International\/wp-json\/wp\/v2\/posts\/67937","targetHints":{"allow":["GET"]}}],"collection":[{"href":"https:\/\/linitiative.ca\/International\/wp-json\/wp\/v2\/posts"}],"about":[{"href":"https:\/\/linitiative.ca\/International\/wp-json\/wp\/v2\/types\/post"}],"author":[{"embeddable":true,"href":"https:\/\/linitiative.ca\/International\/wp-json\/wp\/v2\/users\/1738"}],"replies":[{"embeddable":true,"href":"https:\/\/linitiative.ca\/International\/wp-json\/wp\/v2\/comments?post=67937"}],"version-history":[{"count":0,"href":"https:\/\/linitiative.ca\/International\/wp-json\/wp\/v2\/posts\/67937\/revisions"}],"wp:featuredmedia":[{"embeddable":true,"href":"https:\/\/linitiative.ca\/International\/wp-json\/"}],"wp:attachment":[{"href":"https:\/\/linitiative.ca\/International\/wp-json\/wp\/v2\/media?parent=67937"}],"wp:term":[{"taxonomy":"category","embeddable":true,"href":"https:\/\/linitiative.ca\/International\/wp-json\/wp\/v2\/categories?post=67937"},{"taxonomy":"post_tag","embeddable":true,"href":"https:\/\/linitiative.ca\/International\/wp-json\/wp\/v2\/tags?post=67937"}],"curies":[{"name":"wp","href":"https:\/\/api.w.org\/{rel}","templated":true}]}}