{"id":67939,"date":"2019-11-19T15:19:01","date_gmt":"2019-11-19T20:19:01","guid":{"rendered":"https:\/\/linitiative.ca\/International\/le-chef-de-letat-a-recu-hier-le-premier-ministre-la-situation-politique-et-socio-economique-du-pays-passee-en-revue\/"},"modified":"2019-11-19T15:19:01","modified_gmt":"2019-11-19T20:19:01","slug":"le-chef-de-letat-a-recu-hier-le-premier-ministre-la-situation-politique-et-socio-economique-du-pays-passee-en-revue","status":"publish","type":"post","link":"https:\/\/linitiative.ca\/International\/le-chef-de-letat-a-recu-hier-le-premier-ministre-la-situation-politique-et-socio-economique-du-pays-passee-en-revue\/","title":{"rendered":"Le chef de l\u2019\u00e9tat a re\u00e7u hier le Premier ministre  : La situation politique et socio-\u00e9conomique du pays, pass\u00e9e en revue"},"content":{"rendered":"<p><strong>Le chef de l&rsquo;\u00c9tat, Abdelkader Bensalah, a re\u00e7u hier le Premier ministre, Noureddine Bedoui, avec lequel il a pass\u00e9 en revue la situation politique et socio-\u00e9conomique du pays,\u00a0 a indiqu\u00e9 un communiqu\u00e9 de la pr\u00e9sidence de la R\u00e9publique.<\/strong><\/p>\n<p>\u00abDans le cadre du suivi de l&rsquo;action du Gouvernement, le Premier ministre a pr\u00e9sent\u00e9 des questions en rapport avec l&rsquo;investissement, notamment celles relatives \u00e0 la prolongation des d\u00e9lais de r\u00e9alisation de certains projets et l&rsquo;amendement des conventions d&rsquo;investissement devant faciliter le parach\u00e8vement des projets examin\u00e9s, lors de la derni\u00e8re r\u00e9union du Conseil national de l&rsquo;investissement (CNI)\u00bb, a pr\u00e9cis\u00e9 le communiqu\u00e9. \u00c0 ce propos, le chef de l&rsquo;\u00c9tat a mis en avant \u00abl&rsquo;importance du r\u00f4le du CNI en mati\u00e8re d&rsquo;appui de la dynamique d&rsquo;investissement dans notre pays\u00bb, soulignant \u00able n\u00e9cessaire suivi de l&rsquo;action du CNI partant de sa grande contribution dans la diversification de l&rsquo;\u00e9conomie nationale et la cr\u00e9ation de la richesse et les postes d&#8217;emploi\u00bb. M. Bensalah a fait part de \u00abla d\u00e9termination de l&rsquo;\u00c9tat \u00e0 encourager et \u00e0 relancer l&rsquo;investissement \u00e9tranger direct, \u00e0 l&rsquo;instar des r\u00e9centes mesures mise en place \u00e0 cet effet\u00bb. Dans ce sillage, le Premier ministre a pr\u00e9sent\u00e9 un expos\u00e9 sur \u00ables efforts et les d\u00e9marches visant l&rsquo;am\u00e9lioration du recouvrement fiscal, \u00e0 commencer par le diagnostic de l&rsquo;\u00e9tat de recouvrement des droits de l&rsquo;\u00c9tat et la r\u00e9forme du syst\u00e8me fiscal national\u00bb. Le chef de l&rsquo;\u00c9tat a instruit le Premier ministre, \u00e0 ce titre, d&rsquo;acc\u00e9l\u00e9rer la cadence de mise en \u0153uvre du plan de r\u00e9forme et de relance de la fiscalit\u00e9, et d&rsquo;\u0153uvrer \u00e0 la mise en place d&rsquo;une strat\u00e9gie nationale compl\u00e9mentaire et pluriannuelle pour la r\u00e9forme du syst\u00e8me fiscal, en vue de limiter les pertes consid\u00e9rables que subit l&rsquo;\u00e9conomie nationale en raison de l&rsquo;\u00e9vasion fiscale qui a atteint des proportions inacceptables. M. Bensalah a insist\u00e9, \u00e9galement, sur \u00abla bonne prise en charge des pr\u00e9occupations des citoyens\u00bb et l&rsquo;importance de \u00abr\u00e9unir les meilleures conditions, pour permettre aux agents de l&rsquo;administration fiscale de s&rsquo;acquitter de leurs missions, conform\u00e9ment aux normes internationales en vigueur\u00bb. Au volet Habitat, le Premier ministre a \u00e9voqu\u00e9 \u00abla question des besoins en rallonges budg\u00e9taires, au titre de l&rsquo;exercice 2020, pour le parach\u00e8vement des projets d&rsquo;habitat en mati\u00e8re de raccordement aux diff\u00e9rents r\u00e9seaux et de r\u00e9pondre aux demandes d&rsquo;aides aux logements ruraux et aux logements promotionnels locatifs (LPL)\u00bb, citant, dans ce cadre, \u00abla cons\u00e9cration d&rsquo;une enveloppe financi\u00e8re de 50 milliards de dinars \u00e0 la r\u00e9alisation d&rsquo;un programme suppl\u00e9mentaire de logements sociaux\u00bb. Au terme de cet expos\u00e9, le chef de l&rsquo;\u00c9tat a salu\u00e9 \u00ables efforts consentis dans ce domaine\u00bb, mettant l&rsquo;accent sur \u00abl&rsquo;imp\u00e9ratif parach\u00e8vement de tous les programmes de logement\u00bb. Faisant part de son appui pour \u00abl&rsquo;affectation du montant suppl\u00e9mentaire demand\u00e9\u00bb, M. Bensalah a insist\u00e9 sur \u00abla n\u00e9cessit\u00e9 de diversifier les sources de financement et de pas d\u00e9pendre exclusivement du Tr\u00e9sor dans le financement des nouveaux projets, et ce dans le cadre de la mise en place d&rsquo;une nouvelle strat\u00e9gie bas\u00e9e sur l&rsquo;ouverture du march\u00e9 immobilier associant l&rsquo;ensemble des intervenants parmi les promoteurs immobiliers, publics et priv\u00e9s\u00bb. En mati\u00e8re d&rsquo;Emploi, et dans le cadre de la mise en \u0153uvre des instructions du chef de l&rsquo;\u00c9tat portant r\u00e9gularisation des dossiers des contrats de pr\u00e9-emploi, le Premier ministre a rappel\u00e9 la tenue d&rsquo;une \u00abr\u00e9union interminist\u00e9rielle consacr\u00e9e \u00e0 l&rsquo;examen et \u00e0 l&rsquo;adoption du plan d&rsquo;action propos\u00e9 par la commission interminist\u00e9rielle charg\u00e9e du dossier\u00bb, pr\u00e9cisant que \u00absa concr\u00e9tisation se fera par l&rsquo;\u00e9laboration d\u2019un projet de d\u00e9cret ex\u00e9cutif d\u00e9finissant le calendrier de mise en \u0153uvre dudit plan \u00e0 soumettre pour adoption dans une semaine, lors de la r\u00e9union du Gouvernement, le lancement de l&rsquo;op\u00e9ration de r\u00e9gularisation devant avoir lieu au cours de ce mois\u00bb. Mettant en avant cette d\u00e9marche, le chef de l&rsquo;\u00c9tat a estim\u00e9 que \u00abcette d\u00e9cision intervient en r\u00e9ponse aux aspirations de nos jeunes concern\u00e9s par cette mesure, mais aussi une reconnaissance pour leurs efforts \u00e0 garantir le bon fonctionnement du service public durant plusieurs ann\u00e9es\u00bb, tout en soulignant \u00abla n\u00e9cessit\u00e9 d&rsquo;acc\u00e9l\u00e9rer cette op\u00e9ration et de jeter les ponts \u00e0 m\u00eame de permettre au secteur \u00e9conomique de tirer profit des leurs exp\u00e9riences forg\u00e9es au niveau des administrations publiques\u00bb. Enfin, il a \u00e9t\u00e9 question, lors de cette audience, \u00abdes principales rencontres internationales de haut niveau auxquelles l&rsquo;Alg\u00e9rie doit prendre part durant le mois de novembre, ainsi que le niveau de repr\u00e9sentation de notre pays\u00bb.<br \/>\u00a0<\/p>\n<p>Auteur: elmoudjahid<br \/>\n<a href=\"http:\/\/www.elmoudjahid.com\/fr\/actualites\/144735\">Cliquez ici pour lire l&rsquo;article depuis sa source.<\/a><\/p>\n","protected":false},"excerpt":{"rendered":"<p>Le chef de l&rsquo;\u00c9tat, Abdelkader Bensalah, a re\u00e7u hier le Premier ministre, Noureddine Bedoui, avec lequel il a pass\u00e9 en revue la situation politique et socio-\u00e9conomique du pays,\u00a0 a indiqu\u00e9 un communiqu\u00e9 de la pr\u00e9sidence de la R\u00e9publique. \u00abDans le cadre du suivi de l&rsquo;action du Gouvernement, le Premier ministre a pr\u00e9sent\u00e9 des questions en [&hellip;]<\/p>\n","protected":false},"author":1744,"featured_media":0,"comment_status":"closed","ping_status":"closed","sticky":false,"template":"","format":"standard","meta":{"fifu_image_url":"","fifu_image_alt":"","footnotes":""},"categories":[73,53],"tags":[],"class_list":["post-67939","post","type-post","status-publish","format-standard","hentry","category-actualite","category-algerie"],"_links":{"self":[{"href":"https:\/\/linitiative.ca\/International\/wp-json\/wp\/v2\/posts\/67939","targetHints":{"allow":["GET"]}}],"collection":[{"href":"https:\/\/linitiative.ca\/International\/wp-json\/wp\/v2\/posts"}],"about":[{"href":"https:\/\/linitiative.ca\/International\/wp-json\/wp\/v2\/types\/post"}],"author":[{"embeddable":true,"href":"https:\/\/linitiative.ca\/International\/wp-json\/wp\/v2\/users\/1744"}],"replies":[{"embeddable":true,"href":"https:\/\/linitiative.ca\/International\/wp-json\/wp\/v2\/comments?post=67939"}],"version-history":[{"count":0,"href":"https:\/\/linitiative.ca\/International\/wp-json\/wp\/v2\/posts\/67939\/revisions"}],"wp:attachment":[{"href":"https:\/\/linitiative.ca\/International\/wp-json\/wp\/v2\/media?parent=67939"}],"wp:term":[{"taxonomy":"category","embeddable":true,"href":"https:\/\/linitiative.ca\/International\/wp-json\/wp\/v2\/categories?post=67939"},{"taxonomy":"post_tag","embeddable":true,"href":"https:\/\/linitiative.ca\/International\/wp-json\/wp\/v2\/tags?post=67939"}],"curies":[{"name":"wp","href":"https:\/\/api.w.org\/{rel}","templated":true}]}}