{"id":67940,"date":"2019-11-19T15:19:05","date_gmt":"2019-11-19T20:19:05","guid":{"rendered":"https:\/\/linitiative.ca\/International\/relations-internationales-lalgerie-croit-en-laction-multilaterale\/"},"modified":"2019-11-19T15:19:05","modified_gmt":"2019-11-19T20:19:05","slug":"relations-internationales-lalgerie-croit-en-laction-multilaterale","status":"publish","type":"post","link":"https:\/\/linitiative.ca\/International\/relations-internationales-lalgerie-croit-en-laction-multilaterale\/","title":{"rendered":"Relations internationales  :  L\u2019Alg\u00e9rie croit en l\u2019action multilat\u00e9rale"},"content":{"rendered":"<p>Le pr\u00e9sident de l&rsquo;Assembl\u00e9e populaire nationale (APN), Slimane Chenine, a affirm\u00e9, lundi \u00e0 Gen\u00e8ve (Suisse), que l&rsquo;Alg\u00e9rie croyait en l&rsquo;action multilat\u00e9rale dans les relations internationales, et plaide pour son application imp\u00e9rative.<br \/>Intervenant, lors d&rsquo;une r\u00e9union du comit\u00e9 pr\u00e9paratoire de la 5e conf\u00e9rence mondiale des pr\u00e9sidents de Parlement,\u00a0 pr\u00e9vue \u00e0 Gen\u00e8ve, M. Chenine a insist\u00e9 sur la n\u00e9cessaire \u00abimplication\u00bb des grands \u00c9tats dans les efforts de croissance des pays pauvres, notamment ceux constituant un foyer de terrorisme, a indiqu\u00e9 un communiqu\u00e9 de l&rsquo;APN. La r\u00e9flexion devrait d\u00e9sormais \u00eatre orient\u00e9e vers le red\u00e9ploiement des efforts de l&rsquo;\u00eatre humain, particuli\u00e8rement au plan technologique, dans la r\u00e9alisation des objectifs et buts nobles, a-t-il soulign\u00e9, avant de pr\u00e9ciser que l&rsquo;Alg\u00e9rie croit en l&rsquo;action multilat\u00e9rale et plaide pour son application imp\u00e9rative dans les relations internationales. \u00abTout le monde souhaite trouver une solution au ph\u00e9nom\u00e8ne de l&rsquo;extr\u00e9misme et d&rsquo;autres fl\u00e9aux issus, dans leur majorit\u00e9, de l&rsquo;ambigu\u00eft\u00e9 qui imprime le soul\u00e8vement des revendications hommes-femmes\u00bb, a expliqu\u00e9 M. Chenine, appelant au respect des perspectives, en veillant \u00e0 l&rsquo;application du principe d&rsquo;\u00e9galit\u00e9. Partant de ce principe, a-t-il indiqu\u00e9, il est possible de r\u00e9sumer l&rsquo;ensemble des probl\u00e8mes et fl\u00e9aux jusque-l\u00e0 soulev\u00e9s en un seul mot clef, \u00e0 savoir : le d\u00e9s\u00e9quilibre entre les exigences nationales et la gouvernance dans son sens large. Pointant du doigt la probl\u00e9matique de la cr\u00e9dibilit\u00e9 entach\u00e9e de certaines instances internationales, \u00abaux yeux des citoyens qui jugent que la l\u00e9gitim\u00e9 internationale n&rsquo;est pas en mesure de d\u00e9fendre leurs droits\u00bb, le P\/APN a cit\u00e9, dans ce contexte, le cas du peuple sahraoui qui aspire \u00e0 exercer son droit \u00e0 l&rsquo;autod\u00e9termination. S&rsquo;interrogeant, \u00e0 cette occasion, si l&rsquo;ONU \u00e9tait en mesure de \u00abgagner la confiance des pays, alors qu&rsquo;il existe des peuples d\u00e9pourvus des moindres exigences d&rsquo;une vie d\u00e9cente et d&rsquo;autres ne jouissent m\u00eame pas du droit d&rsquo;avoir un \u00c9tat ou un pays\u00bb,<br \/>M. Chenine a soulign\u00e9 que la l\u00e9gitimit\u00e9 internationale \u00aba besoin de davantage de justice\u00bb.<br \/>Par ailleurs, le pr\u00e9sident de la chambre basse du Parlement a fait savoir que certains pays \u00abplaident pour une juste repr\u00e9sentativit\u00e9 au niveau des instances onusiennes\u00bb, d\u00e9clarant qu&rsquo;il \u00e9tait possible d&rsquo;abr\u00e9ger les slogans pr\u00e9sent\u00e9s par les pays participant \u00e0 cette r\u00e9union en un seul, \u00e0 savoir \u00abun monde plus juste, stable et d\u00e9velopp\u00e9\u00bb.<br \/>Dans ce cadre, M. Chenine a appel\u00e9 \u00e0 la \u00abr\u00e9vision\u00bb des l\u00e9gislations, notamment au niveau de l&rsquo;ONU, dans le but \u00abd&rsquo;y op\u00e9rer une r\u00e9forme structurelle et fonctionnelle\u00bb, estimant que 75 ans, apr\u00e8s la cr\u00e9ation de l&rsquo;ONU, est une dur\u00e9e suffisante pour proc\u00e9der \u00e0 la r\u00e9vision de plusieurs points.<br \/>Se f\u00e9licitant des m\u00e9canismes susceptibles d&rsquo;accorder davantage d&rsquo;int\u00e9r\u00eat aux peuple en voie de d\u00e9veloppement, M. Chenine s&rsquo;est montr\u00e9 optimiste quant aux conclusions de cette r\u00e9union, qui seront, dit-t-il \u00abpratiques et cr\u00e9dibles\u00bb.<br \/>Le pr\u00e9sident de l&rsquo;APN a regrett\u00e9, enfin, l&rsquo;absence de confiance entre les citoyens de certains pays et leurs repr\u00e9sentations, tant au niveau local qu&rsquo;international.<\/p>\n<p>Auteur: elmoudjahid<br \/>\n<a href=\"http:\/\/www.elmoudjahid.com\/fr\/actualites\/144736\">Cliquez ici pour lire l&rsquo;article depuis sa source.<\/a><\/p>\n","protected":false},"excerpt":{"rendered":"<p>Le pr\u00e9sident de l&rsquo;Assembl\u00e9e populaire nationale (APN), Slimane Chenine, a affirm\u00e9, lundi \u00e0 Gen\u00e8ve (Suisse), que l&rsquo;Alg\u00e9rie croyait en l&rsquo;action multilat\u00e9rale dans les relations internationales, et plaide pour son application imp\u00e9rative.Intervenant, lors d&rsquo;une r\u00e9union du comit\u00e9 pr\u00e9paratoire de la 5e conf\u00e9rence mondiale des pr\u00e9sidents de Parlement,\u00a0 pr\u00e9vue \u00e0 Gen\u00e8ve, M. Chenine a insist\u00e9 sur la [&hellip;]<\/p>\n","protected":false},"author":1744,"featured_media":0,"comment_status":"closed","ping_status":"closed","sticky":false,"template":"","format":"standard","meta":{"fifu_image_url":"","fifu_image_alt":"","footnotes":""},"categories":[73,53],"tags":[],"class_list":["post-67940","post","type-post","status-publish","format-standard","hentry","category-actualite","category-algerie"],"_links":{"self":[{"href":"https:\/\/linitiative.ca\/International\/wp-json\/wp\/v2\/posts\/67940","targetHints":{"allow":["GET"]}}],"collection":[{"href":"https:\/\/linitiative.ca\/International\/wp-json\/wp\/v2\/posts"}],"about":[{"href":"https:\/\/linitiative.ca\/International\/wp-json\/wp\/v2\/types\/post"}],"author":[{"embeddable":true,"href":"https:\/\/linitiative.ca\/International\/wp-json\/wp\/v2\/users\/1744"}],"replies":[{"embeddable":true,"href":"https:\/\/linitiative.ca\/International\/wp-json\/wp\/v2\/comments?post=67940"}],"version-history":[{"count":0,"href":"https:\/\/linitiative.ca\/International\/wp-json\/wp\/v2\/posts\/67940\/revisions"}],"wp:attachment":[{"href":"https:\/\/linitiative.ca\/International\/wp-json\/wp\/v2\/media?parent=67940"}],"wp:term":[{"taxonomy":"category","embeddable":true,"href":"https:\/\/linitiative.ca\/International\/wp-json\/wp\/v2\/categories?post=67940"},{"taxonomy":"post_tag","embeddable":true,"href":"https:\/\/linitiative.ca\/International\/wp-json\/wp\/v2\/tags?post=67940"}],"curies":[{"name":"wp","href":"https:\/\/api.w.org\/{rel}","templated":true}]}}