{"id":67941,"date":"2019-11-19T15:19:08","date_gmt":"2019-11-19T20:19:08","guid":{"rendered":"https:\/\/linitiative.ca\/International\/la-journaliste-de-laps-djamila-djerrar-nest-plus\/"},"modified":"2019-11-19T15:19:08","modified_gmt":"2019-11-19T20:19:08","slug":"la-journaliste-de-laps-djamila-djerrar-nest-plus","status":"publish","type":"post","link":"https:\/\/linitiative.ca\/International\/la-journaliste-de-laps-djamila-djerrar-nest-plus\/","title":{"rendered":"La journaliste de l\u2019APS : Djamila Djerrar n\u2019est plus"},"content":{"rendered":"<p>La journaliste de l&rsquo;agence nationale Alg\u00e9rie Presse Service (APS), Djamila Djerrar, est d\u00e9c\u00e9d\u00e9e, lundi \u00e0 Alger, \u00e0 l&rsquo;\u00e2ge de 61 ans, des suites d&rsquo;une maladie, a-t-on appris aupr\u00e8s de sa famille. N\u00e9e le 24 avril 1958 \u00e0 Alger et titulaire d&rsquo;une licence en journalisme, la d\u00e9funte, qui a travaill\u00e9 dans plusieurs rubriques de l&rsquo;agence, a occup\u00e9 le poste de r\u00e9dactrice en chef-adjoint du service reportage et a \u00e9t\u00e9 correspondante de l&rsquo;APS \u00e0 Paris entre 2010 et 2014. M\u00e8re d&rsquo;une fille, la regrett\u00e9e a \u00e9t\u00e9 enterr\u00e9e au cimeti\u00e8re d&rsquo;El-Alia (Alger). En cette douloureuse circonstance, le directeur g\u00e9n\u00e9ral de l&rsquo;APS, ainsi que ses coll\u00e8gues pr\u00e9sentent \u00e0 la famille de la d\u00e9funte leurs sinc\u00e8res condol\u00e9ances, et garderont d&rsquo;elle l&rsquo;image d&rsquo;une professionnelle aux grandes qualit\u00e9s humaines et morales.<\/p>\n<p><strong>Condol\u00e9ances<\/strong><br \/>Pein\u00e9 par le d\u00e9c\u00e8s de la journaliste de l&rsquo;agence APS, Djamila Djerrar, le ministre de la Communication, porte-parole du gouvernement, et ministre de la Culture par int\u00e9rim, M.\u2008Hassane Rabehi, pr\u00e9sente \u00e0 l&rsquo;ensemble de sa famille, ses sinc\u00e8res condol\u00e9ances, et l&rsquo;assure, en cette douloureuse circonstance, de son soutien et de toute sa sympathie.<br \/>Qu&rsquo;Allah accueille la d\u00e9funte en Son vaste paradis.<br \/>\u00ab \u00c0 Allah nous sommes,<br \/>et \u00e0 Lui nous retournons. \u00bb<\/p>\n<p>Auteur: elmoudjahid<br \/>\n<a href=\"http:\/\/www.elmoudjahid.com\/fr\/actualites\/144737\">Cliquez ici pour lire l&rsquo;article depuis sa source.<\/a><\/p>\n","protected":false},"excerpt":{"rendered":"<p>La journaliste de l&rsquo;agence nationale Alg\u00e9rie Presse Service (APS), Djamila Djerrar, est d\u00e9c\u00e9d\u00e9e, lundi \u00e0 Alger, \u00e0 l&rsquo;\u00e2ge de 61 ans, des suites d&rsquo;une maladie, a-t-on appris aupr\u00e8s de sa famille. N\u00e9e le 24 avril 1958 \u00e0 Alger et titulaire d&rsquo;une licence en journalisme, la d\u00e9funte, qui a travaill\u00e9 dans plusieurs rubriques de l&rsquo;agence, a [&hellip;]<\/p>\n","protected":false},"author":1744,"featured_media":0,"comment_status":"closed","ping_status":"closed","sticky":false,"template":"","format":"standard","meta":{"fifu_image_url":"","fifu_image_alt":"","footnotes":""},"categories":[73,53],"tags":[],"class_list":["post-67941","post","type-post","status-publish","format-standard","hentry","category-actualite","category-algerie"],"_links":{"self":[{"href":"https:\/\/linitiative.ca\/International\/wp-json\/wp\/v2\/posts\/67941","targetHints":{"allow":["GET"]}}],"collection":[{"href":"https:\/\/linitiative.ca\/International\/wp-json\/wp\/v2\/posts"}],"about":[{"href":"https:\/\/linitiative.ca\/International\/wp-json\/wp\/v2\/types\/post"}],"author":[{"embeddable":true,"href":"https:\/\/linitiative.ca\/International\/wp-json\/wp\/v2\/users\/1744"}],"replies":[{"embeddable":true,"href":"https:\/\/linitiative.ca\/International\/wp-json\/wp\/v2\/comments?post=67941"}],"version-history":[{"count":0,"href":"https:\/\/linitiative.ca\/International\/wp-json\/wp\/v2\/posts\/67941\/revisions"}],"wp:attachment":[{"href":"https:\/\/linitiative.ca\/International\/wp-json\/wp\/v2\/media?parent=67941"}],"wp:term":[{"taxonomy":"category","embeddable":true,"href":"https:\/\/linitiative.ca\/International\/wp-json\/wp\/v2\/categories?post=67941"},{"taxonomy":"post_tag","embeddable":true,"href":"https:\/\/linitiative.ca\/International\/wp-json\/wp\/v2\/tags?post=67941"}],"curies":[{"name":"wp","href":"https:\/\/api.w.org\/{rel}","templated":true}]}}