{"id":67942,"date":"2019-11-19T15:19:10","date_gmt":"2019-11-19T20:19:10","guid":{"rendered":"https:\/\/linitiative.ca\/International\/compositions-du-1er-trimestre-le-calendrier-inchange\/"},"modified":"2019-11-19T15:19:10","modified_gmt":"2019-11-19T20:19:10","slug":"compositions-du-1er-trimestre-le-calendrier-inchange","status":"publish","type":"post","link":"https:\/\/linitiative.ca\/International\/compositions-du-1er-trimestre-le-calendrier-inchange\/","title":{"rendered":"Compositions du 1er trimestre : Le calendrier, inchang\u00e9"},"content":{"rendered":"<p>Le minist\u00e8re de l&rsquo;\u00c9ducation nationale a affirm\u00e9, lundi, qu&rsquo;aucun changement n&rsquo;est intervenu dans le calendrier des compositions du premier trimestre, a indiqu\u00e9 un communiqu\u00e9 de ce minist\u00e8re : \u00abDes m\u00e9dias ont relay\u00e9 des informations faisant \u00e9tat de changements dans le calendrier des compositions du premier trimestre de l&rsquo;ann\u00e9e scolaire en cours\u00bb, a rappel\u00e9 le minist\u00e8re, assurant, dans ce sens, qu&rsquo;aucun changement n&rsquo;est intervenu dans les dates des compositions, et ce conform\u00e9ment \u00e0 l&rsquo;instruction minist\u00e9rielle num\u00e9ro 720 du 5 novembre 2019.\u00bb\u00a0 Tout en remerciant les m\u00e9dias pour l&rsquo;int\u00e9r\u00eat port\u00e9 pour l&rsquo;\u00c9ducation, le minist\u00e8re a affirm\u00e9 \u00eatre \u00e0 leur disposition, pour v\u00e9rifier toute information et leur fournir les informations justes.<\/p>\n<p>Auteur: elmoudjahid<br \/>\n<a href=\"http:\/\/www.elmoudjahid.com\/fr\/actualites\/144738\">Cliquez ici pour lire l&rsquo;article depuis sa source.<\/a><\/p>\n","protected":false},"excerpt":{"rendered":"<p>Le minist\u00e8re de l&rsquo;\u00c9ducation nationale a affirm\u00e9, lundi, qu&rsquo;aucun changement n&rsquo;est intervenu dans le calendrier des compositions du premier trimestre, a indiqu\u00e9 un communiqu\u00e9 de ce minist\u00e8re : \u00abDes m\u00e9dias ont relay\u00e9 des informations faisant \u00e9tat de changements dans le calendrier des compositions du premier trimestre de l&rsquo;ann\u00e9e scolaire en cours\u00bb, a rappel\u00e9 le minist\u00e8re, [&hellip;]<\/p>\n","protected":false},"author":1744,"featured_media":0,"comment_status":"closed","ping_status":"closed","sticky":false,"template":"","format":"standard","meta":{"fifu_image_url":"","fifu_image_alt":"","footnotes":""},"categories":[73,53],"tags":[],"class_list":["post-67942","post","type-post","status-publish","format-standard","hentry","category-actualite","category-algerie"],"_links":{"self":[{"href":"https:\/\/linitiative.ca\/International\/wp-json\/wp\/v2\/posts\/67942","targetHints":{"allow":["GET"]}}],"collection":[{"href":"https:\/\/linitiative.ca\/International\/wp-json\/wp\/v2\/posts"}],"about":[{"href":"https:\/\/linitiative.ca\/International\/wp-json\/wp\/v2\/types\/post"}],"author":[{"embeddable":true,"href":"https:\/\/linitiative.ca\/International\/wp-json\/wp\/v2\/users\/1744"}],"replies":[{"embeddable":true,"href":"https:\/\/linitiative.ca\/International\/wp-json\/wp\/v2\/comments?post=67942"}],"version-history":[{"count":0,"href":"https:\/\/linitiative.ca\/International\/wp-json\/wp\/v2\/posts\/67942\/revisions"}],"wp:attachment":[{"href":"https:\/\/linitiative.ca\/International\/wp-json\/wp\/v2\/media?parent=67942"}],"wp:term":[{"taxonomy":"category","embeddable":true,"href":"https:\/\/linitiative.ca\/International\/wp-json\/wp\/v2\/categories?post=67942"},{"taxonomy":"post_tag","embeddable":true,"href":"https:\/\/linitiative.ca\/International\/wp-json\/wp\/v2\/tags?post=67942"}],"curies":[{"name":"wp","href":"https:\/\/api.w.org\/{rel}","templated":true}]}}