{"id":67943,"date":"2019-11-19T15:19:13","date_gmt":"2019-11-19T20:19:13","guid":{"rendered":"https:\/\/linitiative.ca\/International\/deces-de-lambassadeur-de-jordanie-a-alger-le-sg-du-mae-signe-le-registre-de-condoleances\/"},"modified":"2019-11-19T15:19:13","modified_gmt":"2019-11-19T20:19:13","slug":"deces-de-lambassadeur-de-jordanie-a-alger-le-sg-du-mae-signe-le-registre-de-condoleances","status":"publish","type":"post","link":"https:\/\/linitiative.ca\/International\/deces-de-lambassadeur-de-jordanie-a-alger-le-sg-du-mae-signe-le-registre-de-condoleances\/","title":{"rendered":"D\u00e9c\u00e8s de l\u2019ambassadeur de Jordanie \u00e0 Alger : Le SG du MAE signe le Registre de condol\u00e9ances"},"content":{"rendered":"<p>Le Secr\u00e9taire g\u00e9n\u00e9ral du minist\u00e8re des Affaires \u00e9trang\u00e8res, Rachid Bladehane, a sign\u00e9, hier au si\u00e8ge de l&rsquo;ambassade de Jordanie \u00e0 Alger, le registre de condol\u00e9ances, suite au d\u00e9c\u00e8s de l&rsquo;ambassadeur du Royaume Hach\u00e9mite de Jordanie \u00e0 Alger, Ahmed Ali Jiradat.<br \/>\u00abC&rsquo;est avec une grande affliction et une immense tristesse que j&rsquo;ai appris la nouvelle du d\u00e9c\u00e8s de notre fr\u00e8re Ahmed Jiradat, ambassadeur accr\u00e9dit\u00e9 \u00e0 Alger du Royaume Hach\u00e9mite, qui a endeuill\u00e9 toute la famille diplomatique jordanienne\u00bb, a \u00e9crit le Secr\u00e9taire g\u00e9n\u00e9ral du MAE, sur le registre de condol\u00e9ances. \u00abEn cette douloureuse circonstance, je tiens \u00e0 vous exprimer, ainsi qu&rsquo;\u00e0 la famille du d\u00e9funt et \u00e0 ses proches, nos condol\u00e9ances les plus attrist\u00e9es, ainsi que notre profonde compassion\u00bb, a ajout\u00e9 le SG du minist\u00e8re des AE. \u00abEn cette douloureuse \u00e9preuve, il convient de rappeler les hautes qualit\u00e9s du d\u00e9funt, qui lui ont permis de gagner le c\u0153ur de tous les Alg\u00e9riens, il a \u00e9t\u00e9 accueilli \u00e0 bras ouverts par les officiels et le peuple, et m\u00eame dans le milieu diplomatique\u00bb, a-t-il soutenu. \u00abLe d\u00e9funt a laiss\u00e9 dans son deuxi\u00e8me pays l&rsquo;Alg\u00e9rie de bons souvenirs qui resteront grav\u00e9s dans la m\u00e9moire des Alg\u00e9riens et de l&rsquo;Alg\u00e9rie, terre des Chouhada, en reconnaissance des efforts qu&rsquo;il avait consentis pour le d\u00e9veloppement de relations solides de fraternit\u00e9 entre l&rsquo;Alg\u00e9rie et la Jordanie, priant Dieu Tout-Puissant d&rsquo;accueillir le d\u00e9funt en Son vaste paradis et d&rsquo;assister les siens en cette dure \u00e9preuve\u00bb, a-t-il ajout\u00e9.<br \/>\u00a0<\/p>\n<p>Auteur: elmoudjahid<br \/>\n<a href=\"http:\/\/www.elmoudjahid.com\/fr\/actualites\/144739\">Cliquez ici pour lire l&rsquo;article depuis sa source.<\/a><\/p>\n","protected":false},"excerpt":{"rendered":"<p>Le Secr\u00e9taire g\u00e9n\u00e9ral du minist\u00e8re des Affaires \u00e9trang\u00e8res, Rachid Bladehane, a sign\u00e9, hier au si\u00e8ge de l&rsquo;ambassade de Jordanie \u00e0 Alger, le registre de condol\u00e9ances, suite au d\u00e9c\u00e8s de l&rsquo;ambassadeur du Royaume Hach\u00e9mite de Jordanie \u00e0 Alger, Ahmed Ali Jiradat.\u00abC&rsquo;est avec une grande affliction et une immense tristesse que j&rsquo;ai appris la nouvelle du d\u00e9c\u00e8s [&hellip;]<\/p>\n","protected":false},"author":1744,"featured_media":0,"comment_status":"closed","ping_status":"closed","sticky":false,"template":"","format":"standard","meta":{"fifu_image_url":"","fifu_image_alt":"","footnotes":""},"categories":[73,53],"tags":[],"class_list":["post-67943","post","type-post","status-publish","format-standard","hentry","category-actualite","category-algerie"],"_links":{"self":[{"href":"https:\/\/linitiative.ca\/International\/wp-json\/wp\/v2\/posts\/67943","targetHints":{"allow":["GET"]}}],"collection":[{"href":"https:\/\/linitiative.ca\/International\/wp-json\/wp\/v2\/posts"}],"about":[{"href":"https:\/\/linitiative.ca\/International\/wp-json\/wp\/v2\/types\/post"}],"author":[{"embeddable":true,"href":"https:\/\/linitiative.ca\/International\/wp-json\/wp\/v2\/users\/1744"}],"replies":[{"embeddable":true,"href":"https:\/\/linitiative.ca\/International\/wp-json\/wp\/v2\/comments?post=67943"}],"version-history":[{"count":0,"href":"https:\/\/linitiative.ca\/International\/wp-json\/wp\/v2\/posts\/67943\/revisions"}],"wp:attachment":[{"href":"https:\/\/linitiative.ca\/International\/wp-json\/wp\/v2\/media?parent=67943"}],"wp:term":[{"taxonomy":"category","embeddable":true,"href":"https:\/\/linitiative.ca\/International\/wp-json\/wp\/v2\/categories?post=67943"},{"taxonomy":"post_tag","embeddable":true,"href":"https:\/\/linitiative.ca\/International\/wp-json\/wp\/v2\/tags?post=67943"}],"curies":[{"name":"wp","href":"https:\/\/api.w.org\/{rel}","templated":true}]}}