{"id":67948,"date":"2019-11-19T07:31:58","date_gmt":"2019-11-19T12:31:58","guid":{"rendered":"https:\/\/linitiative.ca\/International\/97732-oran-abrite-vendredi-la-3e-etape-du-championnat-national-de-rafle\/"},"modified":"2019-11-19T07:31:58","modified_gmt":"2019-11-19T12:31:58","slug":"97732-oran-abrite-vendredi-la-3e-etape-du-championnat-national-de-rafle","status":"publish","type":"post","link":"https:\/\/linitiative.ca\/International\/97732-oran-abrite-vendredi-la-3e-etape-du-championnat-national-de-rafle\/","title":{"rendered":"Oran abrite vendredi la 3e \u00e9tape du championnat national de rafle"},"content":{"rendered":"<div readability=\"35\">\n<p><strong>ORAN- La salle omnisports de Sidi El Bachir (Oran) abritera vendredi la troisi\u00e8me \u00e9tape du championnat d\u2019Alg\u00e9rie de rafle d\u00e9di\u00e9 \u00e0 la cat\u00e9gorie seniors (hommes et dames), a-t-on appris de la F\u00e9d\u00e9ration alg\u00e9rienne de la discipline.<\/strong><\/p>\n<\/div>\n<div readability=\"77.5\">\n<p>Pas moins de 90 athl\u00e8tes, dont 30 filles, repr\u00e9sentant 13 wilayas, prendront part \u00e0 cette \u00e9preuve, a indiqu\u00e9 \u00e0 l\u2019APS le pr\u00e9sident de la F\u00e9d\u00e9ration alg\u00e9rienne de rafle et billard (FARB), Mohamed Amine Ma\u00efdi.<\/p>\n<p>Avant cette \u00e9tape d\u2019Oran, une ville habitu\u00e9e \u00e0 accueillir quasi annuellement cette comp\u00e9tition, les villes de Mostaganem et d\u2019A\u00efn T\u00e9mouchent avaient respectivement abrit\u00e9 les deux premi\u00e8res \u00e9tapes, alors que la quatri\u00e8me et la derni\u00e8re est pr\u00e9vue \u00e0 Alger o\u00f9 sera organis\u00e9e \u00e9galement la Coupe d\u2019Alg\u00e9rie, selon le m\u00eame responsable.<\/p>\n<p>Le pr\u00e9sident de la FARB s\u2019attend \u00e0 une \u00ab\u00a0rude concurrence d\u2019autant que pas moins de 90% des participants font partie de la s\u00e9lection nationale\u00a0\u00bb.<\/p>\n<blockquote readability=\"13\">\n<p><em><strong>\u00ab\u00a0Le niveau du championnat d\u2019Alg\u00e9rie dans cette discipline a toujours \u00e9t\u00e9 appr\u00e9ciable, car nous disposons d\u2019athl\u00e8tes de niveau mondial, ce qui a permis d\u2019ailleurs \u00e0 notre pays de dominer g\u00e9n\u00e9ralement les d\u00e9bats sur le plan africain et remporter, au d\u00e9but de cette ann\u00e9e, deux m\u00e9dailles d\u2019or lors de la pr\u00e9c\u00e9dente \u00e9dition de la Coupe intercontinentale en f\u00e9vrier 2019 gr\u00e2ce \u00e0 A\u00efssioui Lamia et Ali Hakim dans la sp\u00e9cialit\u00e9 du tir de pr\u00e9cision\u00a0\u00bb, s\u2019est r\u00e9joui M. Ma\u00efdi.<\/strong><\/em><\/p>\n<\/blockquote>\n<p>En revanche, il a d\u00e9plor\u00e9 \u00ab\u00a0le peu de moyens\u00a0\u00bb dont dispose sa f\u00e9d\u00e9ration et qui freine, selon ses dires, le d\u00e9veloppement de ce sport en Alg\u00e9rie et ce, apr\u00e8s pr\u00e8s de 30 ans de la cr\u00e9ation de son instance.<\/p>\n<blockquote readability=\"16\">\n<p><em><strong>\u00ab\u00a0Nous militons depuis des ann\u00e9es pour obtenir des salles sp\u00e9cialis\u00e9es dans cette discipline, en vain. Nos r\u00e9sultats sont pourtant probants aussi bien en seniors qu\u2019en jeunes. Par exemple, lors des derniers Jeux africains de la jeunesse abrit\u00e9s par Alger en 2018, nos 10 joueurs engag\u00e9s dans cette manifestation ont r\u00e9ussi chacun \u00e0 s\u2019adjuger une m\u00e9daille, totalisant 5 breloques en or et 5 autres en argent, une moisson qu\u2019aucune autre f\u00e9d\u00e9ration n\u2019a r\u00e9alis\u00e9 pour l\u2019occasion\u00a0\u00bb, a rappel\u00e9 le m\u00eame responsable, qui souhaite b\u00e9n\u00e9ficier d\u2019une meilleure consid\u00e9ration de la part du minist\u00e8re de tutelle, en augmentant la subvention annuelle allou\u00e9e \u00e0 son instance.<\/strong><\/em><\/p>\n<\/blockquote>\n<p>\u00ab\u00a0Nous terminons chaque exercice avec des dettes, tellement les frais engag\u00e9s sont importants, des frais qu\u2019on aurait pu \u00e9viter si nous disposions de salles sp\u00e9ciales pour la pratique de ce sport\u00a0\u00bb, a-t-il soulign\u00e9.<\/p>\n<\/div>\n<p>Auteur:<br \/>\n<a href=\"http:\/\/www.aps.dz\/sport\/97732-oran-abrite-vendredi-la-3e-etape-du-championnat-national-de-rafle?utm_source=feedburner&#038;utm_medium=feed&#038;utm_campaign=Feed%3A+aps-sport+%28APS+-+SPORT%29\">Cliquez ici pour lire l&rsquo;article depuis sa source.<\/a><\/p>\n","protected":false},"excerpt":{"rendered":"<p>ORAN- La salle omnisports de Sidi El Bachir (Oran) abritera vendredi la troisi\u00e8me \u00e9tape du championnat d\u2019Alg\u00e9rie de rafle d\u00e9di\u00e9 \u00e0 la cat\u00e9gorie seniors (hommes et dames), a-t-on appris de la F\u00e9d\u00e9ration alg\u00e9rienne de la discipline. Pas moins de 90 athl\u00e8tes, dont 30 filles, repr\u00e9sentant 13 wilayas, prendront part \u00e0 cette \u00e9preuve, a indiqu\u00e9 \u00e0 [&hellip;]<\/p>\n","protected":false},"author":1790,"featured_media":0,"comment_status":"closed","ping_status":"closed","sticky":false,"template":"","format":"standard","meta":{"fifu_image_url":"","fifu_image_alt":"","footnotes":""},"categories":[53,75],"tags":[],"class_list":["post-67948","post","type-post","status-publish","format-standard","hentry","category-algerie","category-sport"],"_links":{"self":[{"href":"https:\/\/linitiative.ca\/International\/wp-json\/wp\/v2\/posts\/67948","targetHints":{"allow":["GET"]}}],"collection":[{"href":"https:\/\/linitiative.ca\/International\/wp-json\/wp\/v2\/posts"}],"about":[{"href":"https:\/\/linitiative.ca\/International\/wp-json\/wp\/v2\/types\/post"}],"author":[{"embeddable":true,"href":"https:\/\/linitiative.ca\/International\/wp-json\/wp\/v2\/users\/1790"}],"replies":[{"embeddable":true,"href":"https:\/\/linitiative.ca\/International\/wp-json\/wp\/v2\/comments?post=67948"}],"version-history":[{"count":0,"href":"https:\/\/linitiative.ca\/International\/wp-json\/wp\/v2\/posts\/67948\/revisions"}],"wp:attachment":[{"href":"https:\/\/linitiative.ca\/International\/wp-json\/wp\/v2\/media?parent=67948"}],"wp:term":[{"taxonomy":"category","embeddable":true,"href":"https:\/\/linitiative.ca\/International\/wp-json\/wp\/v2\/categories?post=67948"},{"taxonomy":"post_tag","embeddable":true,"href":"https:\/\/linitiative.ca\/International\/wp-json\/wp\/v2\/tags?post=67948"}],"curies":[{"name":"wp","href":"https:\/\/api.w.org\/{rel}","templated":true}]}}