{"id":67949,"date":"2019-11-19T11:38:00","date_gmt":"2019-11-19T16:38:00","guid":{"rendered":"https:\/\/linitiative.ca\/International\/tamanrasset-deux-terroristes-abattus-par-lanp\/"},"modified":"2019-11-19T11:38:00","modified_gmt":"2019-11-19T16:38:00","slug":"tamanrasset-deux-terroristes-abattus-par-lanp","status":"publish","type":"post","link":"https:\/\/linitiative.ca\/International\/tamanrasset-deux-terroristes-abattus-par-lanp\/","title":{"rendered":"TAMANRASSET : Deux terroristes abattus par l\u2019ANP"},"content":{"rendered":"<p><br id=\"sep_para_1\" class=\"sep_para access\"\/><\/p>\n<div id=\"para_1\" class=\"para_34067158 resize\">\n<div class=\"texte access firstletter\">Un d\u00e9tachement de l\u2019Arm\u00e9e Nationale Populaire a abattu, lundi 18 novembre 2019, deux terroristes, pr\u00e8s de la bande frontali\u00e8re sud en 6\u00e8me R\u00e9gion Militaire \u00e0 Tamanrasset, indique le MDN dans un communiqu\u00e9. \u00ab Dans le cadre de la lutte antiterroriste et gr\u00e2ce \u00e0 l\u2019exploitation de renseignements, un d\u00e9tachement de l\u2019Arm\u00e9e Nationale Populaire a abattu, dans la soir\u00e9e de lundi 18 novembre 2019, lors d\u2019une patrouille de recherche et de fouille pr\u00e8s de la bande frontali\u00e8re sud en 6\u00e8me R\u00e9gion Militaire \u00e0 Tamanrasset, deux (02) terroristes. Cette op\u00e9ration s\u2019est sold\u00e9e par la destruction d\u2019un v\u00e9hicule tout-terrain et la r\u00e9cup\u00e9ration de: -un (01) lance roquette de type RPG7; \u2013 un (01) fusil mitrailleur de type FMPK; \u2013 deux (02) pistolets mitrailleurs de type Kalachnikov; \u2013 un canon pour fusil mitrailleur de type FMPK. Cette op\u00e9ration confirme la d\u00e9termination de l\u2019Arm\u00e9e Nationale Populaire \u00e0 traquer les criminels \u00e0 travers tout le territoire national, et r\u00e9it\u00e8re le degr\u00e9 de vigilance de ses \u00e9l\u00e9ments, afin de pr\u00e9server la s\u00e9curit\u00e9 et la stabilit\u00e9 du pays\u00bb.<\/div>\n<\/div>\n<p>Auteur: Ismain<br \/>\n<a href=\"https:\/\/www.reflexiondz.net\/TAMANRASSET-Deux-terroristes-abattus-par-l-ANP_a58910.html\">Cliquez ici pour lire l&rsquo;article depuis sa source.<\/a><\/p>\n","protected":false},"excerpt":{"rendered":"<p>Un d\u00e9tachement de l\u2019Arm\u00e9e Nationale Populaire a abattu, lundi 18 novembre 2019, deux terroristes, pr\u00e8s de la bande frontali\u00e8re sud en 6\u00e8me R\u00e9gion Militaire \u00e0 Tamanrasset, indique le MDN dans un communiqu\u00e9. \u00ab Dans le cadre de la lutte antiterroriste et gr\u00e2ce \u00e0 l\u2019exploitation de renseignements, un d\u00e9tachement de l\u2019Arm\u00e9e Nationale Populaire a abattu, dans [&hellip;]<\/p>\n","protected":false},"author":1740,"featured_media":0,"comment_status":"closed","ping_status":"closed","sticky":false,"template":"","format":"standard","meta":{"fifu_image_url":"","fifu_image_alt":"","footnotes":""},"categories":[53,76],"tags":[],"class_list":["post-67949","post","type-post","status-publish","format-standard","hentry","category-algerie","category-regions"],"_links":{"self":[{"href":"https:\/\/linitiative.ca\/International\/wp-json\/wp\/v2\/posts\/67949","targetHints":{"allow":["GET"]}}],"collection":[{"href":"https:\/\/linitiative.ca\/International\/wp-json\/wp\/v2\/posts"}],"about":[{"href":"https:\/\/linitiative.ca\/International\/wp-json\/wp\/v2\/types\/post"}],"author":[{"embeddable":true,"href":"https:\/\/linitiative.ca\/International\/wp-json\/wp\/v2\/users\/1740"}],"replies":[{"embeddable":true,"href":"https:\/\/linitiative.ca\/International\/wp-json\/wp\/v2\/comments?post=67949"}],"version-history":[{"count":0,"href":"https:\/\/linitiative.ca\/International\/wp-json\/wp\/v2\/posts\/67949\/revisions"}],"wp:attachment":[{"href":"https:\/\/linitiative.ca\/International\/wp-json\/wp\/v2\/media?parent=67949"}],"wp:term":[{"taxonomy":"category","embeddable":true,"href":"https:\/\/linitiative.ca\/International\/wp-json\/wp\/v2\/categories?post=67949"},{"taxonomy":"post_tag","embeddable":true,"href":"https:\/\/linitiative.ca\/International\/wp-json\/wp\/v2\/tags?post=67949"}],"curies":[{"name":"wp","href":"https:\/\/api.w.org\/{rel}","templated":true}]}}