{"id":67950,"date":"2019-11-19T11:38:00","date_gmt":"2019-11-19T16:38:00","guid":{"rendered":"https:\/\/linitiative.ca\/International\/en-visite-a-la-quatrieme-region-militaire-gaid-salah-salue-lelan-populaire-en-faveur-des-elections\/"},"modified":"2019-11-19T11:38:00","modified_gmt":"2019-11-19T16:38:00","slug":"en-visite-a-la-quatrieme-region-militaire-gaid-salah-salue-lelan-populaire-en-faveur-des-elections","status":"publish","type":"post","link":"https:\/\/linitiative.ca\/International\/en-visite-a-la-quatrieme-region-militaire-gaid-salah-salue-lelan-populaire-en-faveur-des-elections\/","title":{"rendered":"EN VISITE A LA QUATRIEME REGION MILITAIRE : Gaid Salah salue l\u2019\u00e9lan populaire en faveur des \u00e9lections"},"content":{"rendered":"<p><br id=\"sep_para_1\" class=\"sep_para access\"\/><\/p>\n<div id=\"para_1\" class=\"para_34067152 resize\">\n<div class=\"photo shadow left\"><a href=\"javascript:void(0)\" rel=\"https:\/\/www.reflexiondz.net\/photo\/art\/grande\/39724379-34067152.jpg?v=1574191869&#038;ibox\" title=\"EN VISITE A LA QUATRIEME REGION MILITAIRE : Gaid Salah salue l\u2019\u00e9lan populaire en faveur des \u00e9lections\"><img decoding=\"async\" class=\"responsive c9\" src=\"https:\/\/www.reflexiondz.net\/photo\/art\/grande\/39724379-34067152.jpg?v=1574191869\" alt=\"EN VISITE A LA QUATRIEME REGION MILITAIRE : Gaid Salah salue l\u2019\u00e9lan populaire en faveur des \u00e9lections\" title=\"EN VISITE A LA QUATRIEME REGION MILITAIRE : Gaid Salah salue l\u2019\u00e9lan populaire en faveur des \u00e9lections\"\/><img decoding=\"async\" class=\"not-responsive\" src=\"https:\/\/www.reflexiondz.net\/photo\/art\/default\/39724379-34067152.jpg?v=1574191870\" alt=\"EN VISITE A LA QUATRIEME REGION MILITAIRE : Gaid Salah salue l\u2019\u00e9lan populaire en faveur des \u00e9lections\" title=\"EN VISITE A LA QUATRIEME REGION MILITAIRE : Gaid Salah salue l\u2019\u00e9lan populaire en faveur des \u00e9lections\"\/><\/a><\/div>\n<div class=\"texte access firstletter\">En effet, dans un discours prononc\u00e9 devant les cadres de l\u2019Arm\u00e9e, le chef d\u2019Etat-major a encore rappel\u00e9 la position de l\u2019institution\u00a0 militaire indiquant \u00ab Nous n\u2019avons pas d\u2019ambition, ni d\u2019objectifs autre que servir le pays \u00bb\u00a0 Ahmed Gaid Salah parle aussi de \u00ab ces belles images de coh\u00e9sion entre le peuple alg\u00e9rien et son arm\u00e9e \u00bb, ajoutant que \u00ab nous agissons avec notre peuple avec des actes et pas avec des paroles \u00bb\u00a0 En parlant de la \u00ab issaba \u00bb(la bande), Gaid Salah fait savoir qu\u2019 \u00ab elle a perdu\u00a0 tout lien avec le peuple alg\u00e9rien \u00bb.\u00a0 Le vice-ministre de la d\u00e9fense\u00a0 ajouta : \u00ab je tiens \u00e0 affirmer, une fois encore, en cette honorable occasion, que nous enregistrons avec une grande admiration et fiert\u00e9, cet \u00e9lan populaire qui s\u2019est propag\u00e9 \u00e0 travers tous le pays, lorsque toutes les franges de notre peuple, toutes cat\u00e9gories confondues, hommes, femmes, jeunes, \u00e9tudiants et vieux, sont sorties dans une des plus belles images de la coh\u00e9sion, la solidarit\u00e9 et l\u2019adh\u00e9sion du peuple autour de son Arm\u00e9e, scandant, d\u2019une seule et m\u00eame voix, des slogans patriotiques exprimant dans leur ensemble la volont\u00e9 de se diriger massivement aux urnes le 12 d\u00e9cembre prochain, afin de faire r\u00e9ussir les pr\u00e9sidentielles et contribuer par cons\u00e9quent \u00e0 \u00e9difier un avenir prometteur. Tel est le peuple alg\u00e9rien et telle est l\u2019Alg\u00e9rie \u00bb, a-t-il soulign\u00e9. \u00ab Partant, notre attitude envers notre peuple est toujours bas\u00e9e sur l\u2019action et le travail et non pas uniquement par les paroles. En effet, nous estimons, au sein de l\u2019Arm\u00e9e nationale populaire, que les paroles sinc\u00e8res sont celles qui se concr\u00e9tisent r\u00e9ellement sur le terrain, celles que les citoyens per\u00e7oivent leur sinc\u00e9rit\u00e9 et ressentent leur fid\u00e9lit\u00e9 et d\u00e9vouement \u00bb, a-t-il ajout\u00e9. D\u2019ailleurs, a-t-il rassur\u00e9, nous n\u2019avons aucune ambition politique et nos objectifs ne sont autres que nationalistes, des objectifs pour le bien de l\u2019Alg\u00e9rie et de son peuple. Ce peuple auquel nous sommes fiers d\u2019appartenir, fiers \u00e9galement de connaitre, de mani\u00e8re approfondie et globale, ses orientations de principe ; ces orientations populaires envers lesquelles nous avons de tout temps et continuons \u00e0 avoir des positions constantes et \u0153uvrons en m\u00eame temps \u00e0 \u00eatre une source de s\u00e9curit\u00e9 et de protection pour notre peuple\u00bb.<\/div>\n<\/div>\n<p>Auteur: Ismain<br \/>\n<a href=\"https:\/\/www.reflexiondz.net\/EN-VISITE-A-LA-QUATRIEME-REGION-MILITAIRE-Gaid-Salah-salue-l-elan-populaire-en-faveur-des-elections_a58909.html\">Cliquez ici pour lire l&rsquo;article depuis sa source.<\/a><\/p>\n","protected":false},"excerpt":{"rendered":"<p>En effet, dans un discours prononc\u00e9 devant les cadres de l\u2019Arm\u00e9e, le chef d\u2019Etat-major a encore rappel\u00e9 la position de l\u2019institution\u00a0 militaire indiquant \u00ab Nous n\u2019avons pas d\u2019ambition, ni d\u2019objectifs autre que servir le pays \u00bb\u00a0 Ahmed Gaid Salah parle aussi de \u00ab ces belles images de coh\u00e9sion entre le peuple alg\u00e9rien et son arm\u00e9e [&hellip;]<\/p>\n","protected":false},"author":1740,"featured_media":0,"comment_status":"closed","ping_status":"closed","sticky":false,"template":"","format":"standard","meta":{"fifu_image_url":"","fifu_image_alt":"","footnotes":""},"categories":[53,76],"tags":[],"class_list":["post-67950","post","type-post","status-publish","format-standard","hentry","category-algerie","category-regions"],"_links":{"self":[{"href":"https:\/\/linitiative.ca\/International\/wp-json\/wp\/v2\/posts\/67950","targetHints":{"allow":["GET"]}}],"collection":[{"href":"https:\/\/linitiative.ca\/International\/wp-json\/wp\/v2\/posts"}],"about":[{"href":"https:\/\/linitiative.ca\/International\/wp-json\/wp\/v2\/types\/post"}],"author":[{"embeddable":true,"href":"https:\/\/linitiative.ca\/International\/wp-json\/wp\/v2\/users\/1740"}],"replies":[{"embeddable":true,"href":"https:\/\/linitiative.ca\/International\/wp-json\/wp\/v2\/comments?post=67950"}],"version-history":[{"count":0,"href":"https:\/\/linitiative.ca\/International\/wp-json\/wp\/v2\/posts\/67950\/revisions"}],"wp:attachment":[{"href":"https:\/\/linitiative.ca\/International\/wp-json\/wp\/v2\/media?parent=67950"}],"wp:term":[{"taxonomy":"category","embeddable":true,"href":"https:\/\/linitiative.ca\/International\/wp-json\/wp\/v2\/categories?post=67950"},{"taxonomy":"post_tag","embeddable":true,"href":"https:\/\/linitiative.ca\/International\/wp-json\/wp\/v2\/tags?post=67950"}],"curies":[{"name":"wp","href":"https:\/\/api.w.org\/{rel}","templated":true}]}}