{"id":67951,"date":"2019-11-19T11:38:00","date_gmt":"2019-11-19T16:38:00","guid":{"rendered":"https:\/\/linitiative.ca\/International\/campagne-electorale-bengrina-sengage-a-eradiquer-la-corruption\/"},"modified":"2019-11-19T11:38:00","modified_gmt":"2019-11-19T16:38:00","slug":"campagne-electorale-bengrina-sengage-a-eradiquer-la-corruption","status":"publish","type":"post","link":"https:\/\/linitiative.ca\/International\/campagne-electorale-bengrina-sengage-a-eradiquer-la-corruption\/","title":{"rendered":"CAMPAGNE ELECTORALE  : Bengrina s&rsquo;engage \u00e0  \u00e9radiquer la corruption"},"content":{"rendered":"<p><br id=\"sep_para_1\" class=\"sep_para access\"\/><\/p>\n<div id=\"para_1\" class=\"para_34067161 resize\">\n<div class=\"texte access firstletter\">Le candidat \u00e0 la Pr\u00e9sidentielle du 12 d\u00e9cembre prochain, Abdelkader Bengrina s&rsquo;est engag\u00e9, lundi \u00e0 Blida, \u00e0 \u00ab\u00a0\u00e9radiquer la corruption et l&rsquo;injustice\u00a0\u00bb et \u00e0 garantir \u00ab\u00a0les libert\u00e9s des diff\u00e9rentes franges de la soci\u00e9t\u00e9\u00a0\u00bb. S&rsquo;exprimant lors d&rsquo;un meeting populaire organis\u00e9 \u00e0 la salle Omnisports \u00ab\u00a0Chahid Mohamed Baazizi\u00a0\u00bb consacr\u00e9 \u00e0 la pr\u00e9sentation de son programme \u00e9lectoral, M. Bengrina a promis, s&rsquo;il est \u00e9lu \u00e0 la t\u00eate du pays, d&rsquo;\u0153uvrer \u00e0 \u00ab\u00a0garantir les droits des franges vuln\u00e9rables et de la classe moyenne, et \u00e0 assurer une r\u00e9partition d\u00e9mographique \u00e9quitable sur l&rsquo;ensemble du territoire national, notamment le Sahara\u00a0\u00bb. Il a d\u00e9plor\u00e9, \u00e0 cet \u00e9gard, la concentration d\u00e9mographique dans le Nord qui a eu pour r\u00e9sultat, selon lui, \u00ab\u00a0le r\u00e9tr\u00e9cissement des terres agricoles, tandis que les Hauts-plateaux, les plaines et le Sahara demeurent inexploit\u00e9s\u00a0\u00bb. Assurant que sa candidature \u00e0 la magistrature supr\u00eame du pays avait pour objectif de servir le pays, M. Bengrina a appel\u00e9 au n\u00e9cessaire respect de tous les avis concernant le scrutin pr\u00e9sidentiel. \u00ab\u00a0Tout alg\u00e9rien est libre de s&rsquo;exprimer comme il veut\u00a0\u00bb, a-t-il soulign\u00e9.<\/div>\n<\/div>\n<p>Auteur: Nadine<br \/>\n<a href=\"https:\/\/www.reflexiondz.net\/CAMPAGNE-ELECTORALE-Bengrina-s-engage-a-eradiquer-la-corruption_a58911.html\">Cliquez ici pour lire l&rsquo;article depuis sa source.<\/a><\/p>\n","protected":false},"excerpt":{"rendered":"<p>Le candidat \u00e0 la Pr\u00e9sidentielle du 12 d\u00e9cembre prochain, Abdelkader Bengrina s&rsquo;est engag\u00e9, lundi \u00e0 Blida, \u00e0 \u00ab\u00a0\u00e9radiquer la corruption et l&rsquo;injustice\u00a0\u00bb et \u00e0 garantir \u00ab\u00a0les libert\u00e9s des diff\u00e9rentes franges de la soci\u00e9t\u00e9\u00a0\u00bb. S&rsquo;exprimant lors d&rsquo;un meeting populaire organis\u00e9 \u00e0 la salle Omnisports \u00ab\u00a0Chahid Mohamed Baazizi\u00a0\u00bb consacr\u00e9 \u00e0 la pr\u00e9sentation de son programme \u00e9lectoral, M. [&hellip;]<\/p>\n","protected":false},"author":1740,"featured_media":0,"comment_status":"closed","ping_status":"closed","sticky":false,"template":"","format":"standard","meta":{"fifu_image_url":"","fifu_image_alt":"","footnotes":""},"categories":[53,76],"tags":[],"class_list":["post-67951","post","type-post","status-publish","format-standard","hentry","category-algerie","category-regions"],"_links":{"self":[{"href":"https:\/\/linitiative.ca\/International\/wp-json\/wp\/v2\/posts\/67951","targetHints":{"allow":["GET"]}}],"collection":[{"href":"https:\/\/linitiative.ca\/International\/wp-json\/wp\/v2\/posts"}],"about":[{"href":"https:\/\/linitiative.ca\/International\/wp-json\/wp\/v2\/types\/post"}],"author":[{"embeddable":true,"href":"https:\/\/linitiative.ca\/International\/wp-json\/wp\/v2\/users\/1740"}],"replies":[{"embeddable":true,"href":"https:\/\/linitiative.ca\/International\/wp-json\/wp\/v2\/comments?post=67951"}],"version-history":[{"count":0,"href":"https:\/\/linitiative.ca\/International\/wp-json\/wp\/v2\/posts\/67951\/revisions"}],"wp:attachment":[{"href":"https:\/\/linitiative.ca\/International\/wp-json\/wp\/v2\/media?parent=67951"}],"wp:term":[{"taxonomy":"category","embeddable":true,"href":"https:\/\/linitiative.ca\/International\/wp-json\/wp\/v2\/categories?post=67951"},{"taxonomy":"post_tag","embeddable":true,"href":"https:\/\/linitiative.ca\/International\/wp-json\/wp\/v2\/tags?post=67951"}],"curies":[{"name":"wp","href":"https:\/\/api.w.org\/{rel}","templated":true}]}}