{"id":67952,"date":"2019-11-19T11:39:00","date_gmt":"2019-11-19T16:39:00","guid":{"rendered":"https:\/\/linitiative.ca\/International\/zitouni-menace-dattaquer-la-france-en-justice\/"},"modified":"2019-11-19T11:39:00","modified_gmt":"2019-11-19T16:39:00","slug":"zitouni-menace-dattaquer-la-france-en-justice","status":"publish","type":"post","link":"https:\/\/linitiative.ca\/International\/zitouni-menace-dattaquer-la-france-en-justice\/","title":{"rendered":"Zitouni menace d\u2019attaquer  la France en justice"},"content":{"rendered":"<p><br id=\"sep_para_1\" class=\"sep_para access\"\/><\/p>\n<div id=\"para_1\" class=\"para_34067175 resize\">\n<div class=\"texte access firstletter\">Le ministre des Moudjahidine, Tayeb Zitouni a affirm\u00e9 que l\u2019Alg\u00e9rie d\u00e9poserait plainte devant les tribunaux internationaux contre la France, si elle s\u2019obstine \u00e0 ne pas reconna\u00eetre ses crimes commis en Alg\u00e9rie. Le ministre a \u00e9galement fait savoir que l\u2019Alg\u00e9rie userait de toutes les voies l\u00e9gales afin de r\u00e9cup\u00e9rer le dossier de la m\u00e9moire. Tayeb Zitouni a indiqu\u00e9, lundi, qu\u2019il s\u2019emploie \u00e0 mobiliser \u00e9lus, associations et un collectif d\u2019avocats afin de saisir des tribunaux internationaux, estimant que la tergiversation des autorit\u00e9s fran\u00e7aises renseigne de leur refus d\u2019y reconna\u00eetre leurs crimes. Par ailleurs, Zitouni a expliqu\u00e9 que le dossier de la m\u00e9moire s\u2019articule sur quatre (04) \u00e9l\u00e9ments : l\u2019archive, les essais nucl\u00e9aires au Sud alg\u00e9rien, les disparus de la Guerre de lib\u00e9ration ainsi que les cr\u00e2nes des h\u00e9ros de la R\u00e9sistance alg\u00e9rienne. Sur les relations alg\u00e9ro-fran\u00e7aises, il a soutenu qu\u2019 \u00ab elles ne sont naturelles qu\u2019une fois le dossier de la m\u00e9moire soit r\u00e9gl\u00e9 \u00bb, affirmant par la m\u00eame que Paris n\u2019a pas une volont\u00e9 et une bonne intention pour le r\u00e9soudre.<\/div>\n<\/div>\n<p>Auteur: R\u00e9flexion<br \/>\n<a href=\"https:\/\/www.reflexiondz.net\/Zitouni-menace-d-attaquer-la-France-en-justice_a58914.html\">Cliquez ici pour lire l&rsquo;article depuis sa source.<\/a><\/p>\n","protected":false},"excerpt":{"rendered":"<p>Le ministre des Moudjahidine, Tayeb Zitouni a affirm\u00e9 que l\u2019Alg\u00e9rie d\u00e9poserait plainte devant les tribunaux internationaux contre la France, si elle s\u2019obstine \u00e0 ne pas reconna\u00eetre ses crimes commis en Alg\u00e9rie. Le ministre a \u00e9galement fait savoir que l\u2019Alg\u00e9rie userait de toutes les voies l\u00e9gales afin de r\u00e9cup\u00e9rer le dossier de la m\u00e9moire. Tayeb Zitouni [&hellip;]<\/p>\n","protected":false},"author":1740,"featured_media":0,"comment_status":"closed","ping_status":"closed","sticky":false,"template":"","format":"standard","meta":{"fifu_image_url":"","fifu_image_alt":"","footnotes":""},"categories":[53,76],"tags":[],"class_list":["post-67952","post","type-post","status-publish","format-standard","hentry","category-algerie","category-regions"],"_links":{"self":[{"href":"https:\/\/linitiative.ca\/International\/wp-json\/wp\/v2\/posts\/67952","targetHints":{"allow":["GET"]}}],"collection":[{"href":"https:\/\/linitiative.ca\/International\/wp-json\/wp\/v2\/posts"}],"about":[{"href":"https:\/\/linitiative.ca\/International\/wp-json\/wp\/v2\/types\/post"}],"author":[{"embeddable":true,"href":"https:\/\/linitiative.ca\/International\/wp-json\/wp\/v2\/users\/1740"}],"replies":[{"embeddable":true,"href":"https:\/\/linitiative.ca\/International\/wp-json\/wp\/v2\/comments?post=67952"}],"version-history":[{"count":0,"href":"https:\/\/linitiative.ca\/International\/wp-json\/wp\/v2\/posts\/67952\/revisions"}],"wp:attachment":[{"href":"https:\/\/linitiative.ca\/International\/wp-json\/wp\/v2\/media?parent=67952"}],"wp:term":[{"taxonomy":"category","embeddable":true,"href":"https:\/\/linitiative.ca\/International\/wp-json\/wp\/v2\/categories?post=67952"},{"taxonomy":"post_tag","embeddable":true,"href":"https:\/\/linitiative.ca\/International\/wp-json\/wp\/v2\/tags?post=67952"}],"curies":[{"name":"wp","href":"https:\/\/api.w.org\/{rel}","templated":true}]}}