{"id":67959,"date":"2019-11-19T04:27:52","date_gmt":"2019-11-19T09:27:52","guid":{"rendered":"https:\/\/linitiative.ca\/International\/tichy-bejaia-la-police-reprime-une-manifestation-anti-election\/"},"modified":"2019-11-19T04:27:52","modified_gmt":"2019-11-19T09:27:52","slug":"tichy-bejaia-la-police-reprime-une-manifestation-anti-election","status":"publish","type":"post","link":"https:\/\/linitiative.ca\/International\/tichy-bejaia-la-police-reprime-une-manifestation-anti-election\/","title":{"rendered":"Tichy (B\u00e9ja\u00efa) :  La police r\u00e9prime une manifestation anti-\u00e9lection"},"content":{"rendered":"<h4 class=\"title-14\"\/>\n<div class=\"featured_image\"><img loading=\"lazy\" decoding=\"async\" width=\"720\" height=\"960\" src=\"https:\/\/www.elwatan.com\/wp-content\/uploads\/2019\/11\/bejaia-col-dr.jpg\" class=\"attachment-post-thumbnail size-post-thumbnail wp-post-image\" alt=\"\" srcset=\"https:\/\/www.elwatan.com\/wp-content\/uploads\/2019\/11\/bejaia-col-dr.jpg 720w, https:\/\/www.elwatan.com\/wp-content\/uploads\/2019\/11\/bejaia-col-dr-225x300.jpg 225w\" sizes=\"auto, (max-width: 720px) 100vw, 720px\"\/><span class=\"featured-image-caption\">( photo : el watan )<\/span><\/div>\n<p>Des citoyens de la ville de\u00a0 Tichy ont mur\u00e9, hier, le bureau qui devait abriter la repr\u00e9sentation de l\u2019ANIE.<\/p>\n<p>L\u2019information de l\u2019installation de l\u2019instance au niveau local a alert\u00e9 un groupe de citoyens, qui se sont retrouv\u00e9s promptement devant le si\u00e8ge de la da\u00efra o\u00f9 devait avoir lieu l\u2019inauguration. Des dizaines de citoyens ont envahi les lieux, amenant avec eux des briques qui ont servi \u00e0 la construction du muret \u00e9rig\u00e9 contre la porte d\u2019entr\u00e9e du si\u00e8ge en question.<\/p>\n<p>Cette action s\u2019est d\u00e9roul\u00e9e en pr\u00e9sence d\u2019une escouade de policiers anti-\u00e9meute d\u00e9p\u00each\u00e9s sur les lieux. Les deux parties se sont retrouv\u00e9es, un moment, face \u00e0 face sans que \u00e9l\u00e9ments des forces de l\u2019ordre ne re\u00e7oivent l\u2019ordre d\u2019intervenir, au risque de provoquer des d\u00e9bordements. \u00abChef de da\u00efra d\u00e9gage\u00a0!\u00bb, \u00abLa hiwar, la chiwar, errahlou\u00a0!\u00bb (ni dialogue ni concertation, d\u00e9gagez\u00a0!) ont scand\u00e9 les manifestants, dont certains ont appel\u00e9 \u00e0 pr\u00e9server le caract\u00e8re pacifique de l\u2019action. \u00abIl n\u2019y aura pas de vote \u00e0 Tichy\u00bb s\u2019est \u00e9gosill\u00e9 une voix parmi les pr\u00e9sents.<\/p>\n<p>Les \u00e9l\u00e9ments anti-\u00e9meute ont finalement engag\u00e9 l\u2019assaut \u00e0 coups de bombes de gaz lacrymog\u00e8nes contre des manifestants qui ont vu leur nombre se d\u00e9multiplier avec l\u2019arriv\u00e9e des habitants des quartiers de la ville et de ses environs. \u00abNous sommes pacifiques, s\u2019il y a violence, ce sera de leur part. Qu\u2019ils assument leurs responsabilit\u00e9s.<\/p>\n<p>Nous ne sommes pas des voyous\u00bb, a averti un manifestant avant m\u00eame l\u2019entame de la construction du muret. Les premiers \u00e9l\u00e9ments de la police qui se trouvaient sur place se sont retir\u00e9s avant que n\u2019interviennent leurs camarades plus nombreux, pour r\u00e9primer la manifestation. Selon une source locale, la r\u00e9pression a fait trois bless\u00e9s parmi les manifestants, trois jeunes qui ont \u00e9t\u00e9 \u00e9vacu\u00e9s en urgence vers l\u2019h\u00f4pital.<\/p>\n<p>Selon la m\u00eame source, l\u2019un d\u2019eux a eu une \u00e9paule d\u00e9boit\u00e9e et les deux autres ont \u00e9t\u00e9 touch\u00e9s par des \u00abballes en caoutchouc, l\u2019un au visage et l\u2019autre \u00e0 la cuisse\u00bb, assure un t\u00e9moin oculaire. Le face-\u00e0-face a continu\u00e9 jusqu\u2019en milieu d\u2019apr\u00e8s-midi.<\/p>\n<p>Entretemps, les policiers ont d\u00e9truit le muret fra\u00eechement construit. Le si\u00e8ge \u00e9tait cependant gard\u00e9 ferm\u00e9 apr\u00e8s une tentative d\u2019installation de la repr\u00e9sentation de l\u2019ANIE qui n\u2019a fait que mettre le feu aux poudres.<\/p>\n<p>D\u2019aucuns \u00e0 Tichy y ont vu une provocation dans une ville qui affiche son rejet de l\u2019\u00e9lection du 12 d\u00e9cembre. Ce n\u2019est pas la premi\u00e8re fois que des si\u00e8ges destin\u00e9s \u00e0 la pr\u00e9paration du scrutin sont ferm\u00e9s, cadenass\u00e9s ou mur\u00e9s en Kabylie. Aucun signe du d\u00e9roulement de la campagne \u00e9lectorale, d\u00e9but\u00e9e avant-hier, n\u2019est visible.<\/p>\n<p>La manifestation de Tichy ne fait que confirmer le climat lourd et hostile \u00e0 la tenue de la pr\u00e9sidentielle qui pr\u00e9vaut dans la r\u00e9gion.<\/p>\n<p><span class=\"post-views-label\">Post Views:<\/span> <span class=\"post-views-count\">2\u00a0428<\/span><\/p>\n<p><br class=\"c2\"\/><\/p>\n<p>Auteur: Hicham Chouadria<br \/>\n<a href=\"https:\/\/www.elwatan.com\/edition\/actualite\/tichy-bejaia-la-police-reprime-une-manifestation-anti-election-19-11-2019\">Cliquez ici pour lire l&rsquo;article depuis sa source.<\/a><\/p>\n","protected":false},"excerpt":{"rendered":"<p>( photo : el watan ) Des citoyens de la ville de\u00a0 Tichy ont mur\u00e9, hier, le bureau qui devait abriter la repr\u00e9sentation de l\u2019ANIE. L\u2019information de l\u2019installation de l\u2019instance au niveau local a alert\u00e9 un groupe de citoyens, qui se sont retrouv\u00e9s promptement devant le si\u00e8ge de la da\u00efra o\u00f9 devait avoir lieu l\u2019inauguration. [&hellip;]<\/p>\n","protected":false},"author":1743,"featured_media":67960,"comment_status":"closed","ping_status":"closed","sticky":false,"template":"","format":"standard","meta":{"fifu_image_url":"","fifu_image_alt":"","footnotes":""},"categories":[73,53],"tags":[],"class_list":["post-67959","post","type-post","status-publish","format-standard","has-post-thumbnail","hentry","category-actualite","category-algerie"],"_links":{"self":[{"href":"https:\/\/linitiative.ca\/International\/wp-json\/wp\/v2\/posts\/67959","targetHints":{"allow":["GET"]}}],"collection":[{"href":"https:\/\/linitiative.ca\/International\/wp-json\/wp\/v2\/posts"}],"about":[{"href":"https:\/\/linitiative.ca\/International\/wp-json\/wp\/v2\/types\/post"}],"author":[{"embeddable":true,"href":"https:\/\/linitiative.ca\/International\/wp-json\/wp\/v2\/users\/1743"}],"replies":[{"embeddable":true,"href":"https:\/\/linitiative.ca\/International\/wp-json\/wp\/v2\/comments?post=67959"}],"version-history":[{"count":0,"href":"https:\/\/linitiative.ca\/International\/wp-json\/wp\/v2\/posts\/67959\/revisions"}],"wp:featuredmedia":[{"embeddable":true,"href":"https:\/\/linitiative.ca\/International\/wp-json\/"}],"wp:attachment":[{"href":"https:\/\/linitiative.ca\/International\/wp-json\/wp\/v2\/media?parent=67959"}],"wp:term":[{"taxonomy":"category","embeddable":true,"href":"https:\/\/linitiative.ca\/International\/wp-json\/wp\/v2\/categories?post=67959"},{"taxonomy":"post_tag","embeddable":true,"href":"https:\/\/linitiative.ca\/International\/wp-json\/wp\/v2\/tags?post=67959"}],"curies":[{"name":"wp","href":"https:\/\/api.w.org\/{rel}","templated":true}]}}