{"id":67963,"date":"2019-11-19T04:30:08","date_gmt":"2019-11-19T09:30:08","guid":{"rendered":"https:\/\/linitiative.ca\/International\/proces-des-20-detenus-dopinion-au-tribunal-de-sidi-mhamed-la-colere-des-avocats\/"},"modified":"2019-11-19T04:30:08","modified_gmt":"2019-11-19T09:30:08","slug":"proces-des-20-detenus-dopinion-au-tribunal-de-sidi-mhamed-la-colere-des-avocats","status":"publish","type":"post","link":"https:\/\/linitiative.ca\/International\/proces-des-20-detenus-dopinion-au-tribunal-de-sidi-mhamed-la-colere-des-avocats\/","title":{"rendered":"Proc\u00e8s des 20 d\u00e9tenus d\u2019opinion au tribunal de Sidi M\u2019hamed : La col\u00e8re des avocats"},"content":{"rendered":"<h4 class=\"title-14\"\/>\n<div class=\"featured_image\"><img loading=\"lazy\" decoding=\"async\" width=\"811\" height=\"466\" src=\"https:\/\/www.elwatan.com\/wp-content\/uploads\/2019\/11\/tribunal-e1574123128392.jpeg\" class=\"attachment-post-thumbnail size-post-thumbnail wp-post-image\" alt=\"\" srcset=\"https:\/\/www.elwatan.com\/wp-content\/uploads\/2019\/11\/tribunal-e1574123128392.jpeg 811w, https:\/\/www.elwatan.com\/wp-content\/uploads\/2019\/11\/tribunal-e1574123128392-300x172.jpeg 300w, https:\/\/www.elwatan.com\/wp-content\/uploads\/2019\/11\/tribunal-e1574123128392-768x441.jpeg 768w\" sizes=\"auto, (max-width: 811px) 100vw, 811px\"\/><span class=\"featured-image-caption\">Photo : H. Lyes<\/span><\/div>\n<p>Le proc\u00e8s de 20 d\u00e9tenus du mouvement populaire, poursuivis pour \u00abport de l\u2019embl\u00e8me amazigh\u00bb, \u00abaffichage de slogans\u00bb et \u00abvente de pin\u2019s\u00bb, s\u2019est ouvert hier, au tribunal de Sidi M\u2019hamed (Alger).<\/p>\n<p>La journ\u00e9e dans l\u2019imposant tribunal de la rue Abane Ramdane a commenc\u00e9 par un \u00e9tonnant revirement judiciaire qui a constern\u00e9 les avocats : Mourad Amiri, fonctionnaire au minist\u00e8re de l\u2019Int\u00e9rieur, poursuivi par son employeur pour \u00abdiffamation\u00bb, a vu son verdict commu\u00e9. Condamn\u00e9 dimanche \u00e0 6 mois de prison avec sursis, il apprend que le \u00abvrai\u00bb verdict est plus lourd : 6 mois ferme.<\/p>\n<p>Explication\u00a0: ses avocats auraient \u00abmal entendu\u00bb le verdict\u2026 L\u2019attente a \u00e9t\u00e9 longue, l\u2019administration du tribunal ayant pr\u00e9f\u00e9r\u00e9 commencer par les affaires de droit commun. Le proc\u00e8s des 20 pr\u00e9venus s\u2019ouvre d\u00e9but d\u2019apr\u00e8s-midi.<\/p>\n<p>Le collectif de d\u00e9fense, compos\u00e9 une quarantaine d\u2019avocats, a d\u00e9cid\u00e9 d\u2019ex\u00e9cuter la d\u00e9cision prise la veille par le collectif de d\u00e9fense des d\u00e9tenus r\u00e9uni au b\u00e2tonnat\u00a0: retrait de l\u2019audience. Le b\u00e2tonnier de B\u00e9ja\u00efa, Khatri Salem, explique l\u2019action par l\u2019\u00ababsence des garanties d\u2019un proc\u00e8s \u00e9quitable et juste\u00bb.<\/p>\n<p>Les avocats, suivis par les d\u00e9tenus et leurs familles, entonnent l\u2019hymne national Qassaman. \u00abAlaa Darwich, le Palestinien d\u00e9tenu pour \u2018\u2018atteinte \u00e0 l\u2019unit\u00e9 nationale\u2019\u2019 chante Qassaman avec \u00e9motion\u00bb, signale Me Aouicha Bakhti, membre du collectif.<\/p>\n<p>Le juge, placide, signale aux avocats qu\u2019il poursuivra la proc\u00e9dure d\u2019usage. L\u2019\u00e9tudiante en droit, Dahmani Nour El Houda Yasmine, qui s\u2019est pr\u00e9sent\u00e9e \u00e0 la barre, refuse de parler. Le proc\u00e8s s\u2019est poursuivi avec l\u2019audition rapide des 20 autres pr\u00e9venus. Le procureur requiert 2 ans de prison ferme assortie de 100 000 DA d\u2019amende \u00e0 l\u2019encontre des d\u00e9tenus. Le verdict est mis en d\u00e9lib\u00e9r\u00e9 pour la semaine prochaine (lundi 25\u00a0novembre).<\/p>\n<p>Les familles des d\u00e9tenus, venues en nombre au tribunal, en ressortent abattues.<\/p>\n<p><strong>\u00abParodie de justice\u00bb<\/strong><\/p>\n<p>\u00abNous sommes indign\u00e9s. Les avocats avaient raison de ne pas accepter cette justice aux ordres. Comment se fait-il qu\u2019il y ait deux verdicts diff\u00e9rents pour les m\u00eames chefs d\u2019inculpation dans deux tribunaux qui sont \u00e0 quelques kilom\u00e8tres de distance (Sidi M\u2019hamed et Ba\u00efnem) ? Pis, le tribunal de Sidi M\u2019hamed a carr\u00e9ment chang\u00e9 de verdict en quelques heures.<\/p>\n<p>Hier, Mourad Amiri a \u00e9t\u00e9 condamn\u00e9 \u00e0 6 mois avec sursis, aujourd\u2019hui les avocats sont inform\u00e9s qu\u2019une peine ferme est requise \u00e0 son encontre. On leur a dit qu\u2019ils n\u2019ont pas bien entendu le verdict.<\/p>\n<p>Donc, 50\u00a0avocats se sont tous tromp\u00e9s ! C\u2019est une parodie de justice. Les condamnations, comme je l\u2019ai dit, sont juridiquement scandaleuses et politiquement dangereuses\u00bb, s\u2019offusque Arezki Challal, coordinateur du collectif des familles des d\u00e9tenus.<\/p>\n<p>La d\u00e9cision des avocats de boycotter ce \u00e9ni\u00e8me proc\u00e8s des d\u00e9tenus du mouvement populaire a \u00e9t\u00e9 prise lors d\u2019une r\u00e9union tenue, dimanche soir, au b\u00e2tonnat d\u2019Alger. Il s\u2019agissait, selon les robes noires, de ne pas \u00abcautionner une justice aux ordres\u00bb. \u00abLa position de notre collectif est claire.<\/p>\n<p>C\u2019est la strat\u00e9gie du proc\u00e8s de rupture. Nous n\u2019allons tout de m\u00eame pas accepter cela\u00bb, s\u2019offusque Me Yamina Alili, membre tr\u00e8s active du collectif de d\u00e9fense. Les avocats, qui ont d\u00e9j\u00e0 boycott\u00e9 ces derniers mois des audiences, d\u00e9noncent des \u00abproc\u00e8s politiques\u00bb. \u00abNous avons discut\u00e9 des dossiers li\u00e9s aux condamnations de ces derniers jours. Nous avons d\u00e9nonc\u00e9 l\u2019absence d\u2019\u00e9quit\u00e9 dans le traitement de ces affaires d\u2019un tribunal \u00e0 un autre.<\/p>\n<p>Nous estimons que les proc\u00e8s sont des proc\u00e8s politiques. Il s\u2019agissait pour nous d\u2019alerter l\u2019opinion publique, les instances judiciaires de cette situation. Nous pr\u00e9cisons par ailleurs que les condamnations ne concernent pas uniquement les porteurs de l\u2019embl\u00e8me amazigh, mais touchent d\u2019autres affaires li\u00e9es aux slogans, entre autres\u00bb, rel\u00e8ve Hafid Tamert, avocat du barreau d\u2019Alger.<\/p>\n<p>Le coordinateur du collectif des familles de d\u00e9tenus annonce la tenue d\u2019une rencontre pour r\u00e9agir face \u00e0 l\u2019\u00abarbitraire judiciaire\u00bb\u00a0: \u00abNous allons nous r\u00e9unir et prendre les d\u00e9cisions qui s\u2019imposent.\u00bb<\/p>\n<p><strong>Poursuivis pour \u00abentrave \u00e0 la campagne\u00bb Interpellation en masse de manifestants<\/strong><\/p>\n<p>La machine judiciaire s\u2019est mise en branle ces derniers jours. A Tlemcen, sur les 37 personnes arr\u00eat\u00e9es lors de l\u2019action contre la campagne du candidat Ali Benflis, 18 sont maintenues en garde \u00e0 vue et pr\u00e9sent\u00e9s devant le procureur du tribunal (centre-ville), a pr\u00e9cise le Comit\u00e9 national pour la lib\u00e9ration des d\u00e9tenus (CNLD). Plusieurs activistes de Chlef ont \u00e9t\u00e9 \u00e9galement plac\u00e9s sous mandat de d\u00e9p\u00f4t, dimanche, apr\u00e8s des arrestations op\u00e9r\u00e9es jeudi 14 novembre. \u00abAli Chachou, Youcef Bouzina, Djilali Samet Benyoucef, Fay\u00e7al Halimi et Mokrane Ali sont tous en d\u00e9tention provisoire et accus\u00e9s d\u2019\u2019entrave au d\u00e9roulement de la campagne \u00e9lectorale\u2019, alors que le juge a plac\u00e9 sous contr\u00f4le judiciaire : Hamouda Tayeb et Ounar Ali\u00bb, d\u00e9taille le CNLD. Autre alerte publi\u00e9e sur la page du collectif : le fr\u00e8re de Messaoud Leftissi, un des d\u00e9tenus du hirak, incarc\u00e9r\u00e9 \u00e0 la maison d\u2019arr\u00eat d\u2019El Harrach, est convoqu\u00e9 devant le juge pour attroupement. \u00abIls ont condamn\u00e9 Messaoud Leftissi \u00e0 6 mois de prison ferme qu\u2019ils accusent d\u2019\u2019atteinte \u00e0 l\u2019unit\u00e9 nationale\u2019, maintenant ils convoquent son fr\u00e8re Samir pour le 1er d\u00e9cembre et ils l\u2019accusent d\u2019\u2019attroupement\u2019 !\u00bb signale le CNLD, qui en appelle \u00e0 soutenir ce jeune de Skikda.<\/p>\n<p><span class=\"post-views-label\">Post Views:<\/span> <span class=\"post-views-count\">6\u00a0231<\/span><\/p>\n<p><br class=\"c2\"\/><\/p>\n<p>Auteur: Hicham Chouadria<br \/>\n<a href=\"https:\/\/www.elwatan.com\/a-la-une\/proces-des-20-detenus-dopinion-au-tribunal-de-sidi-mhamed-la-colere-des-avocats-19-11-2019\">Cliquez ici pour lire l&rsquo;article depuis sa source.<\/a><\/p>\n","protected":false},"excerpt":{"rendered":"<p>Photo : H. Lyes Le proc\u00e8s de 20 d\u00e9tenus du mouvement populaire, poursuivis pour \u00abport de l\u2019embl\u00e8me amazigh\u00bb, \u00abaffichage de slogans\u00bb et \u00abvente de pin\u2019s\u00bb, s\u2019est ouvert hier, au tribunal de Sidi M\u2019hamed (Alger). La journ\u00e9e dans l\u2019imposant tribunal de la rue Abane Ramdane a commenc\u00e9 par un \u00e9tonnant revirement judiciaire qui a constern\u00e9 les [&hellip;]<\/p>\n","protected":false},"author":1743,"featured_media":67964,"comment_status":"closed","ping_status":"closed","sticky":false,"template":"","format":"standard","meta":{"fifu_image_url":"","fifu_image_alt":"","footnotes":""},"categories":[73,53],"tags":[],"class_list":["post-67963","post","type-post","status-publish","format-standard","has-post-thumbnail","hentry","category-actualite","category-algerie"],"_links":{"self":[{"href":"https:\/\/linitiative.ca\/International\/wp-json\/wp\/v2\/posts\/67963","targetHints":{"allow":["GET"]}}],"collection":[{"href":"https:\/\/linitiative.ca\/International\/wp-json\/wp\/v2\/posts"}],"about":[{"href":"https:\/\/linitiative.ca\/International\/wp-json\/wp\/v2\/types\/post"}],"author":[{"embeddable":true,"href":"https:\/\/linitiative.ca\/International\/wp-json\/wp\/v2\/users\/1743"}],"replies":[{"embeddable":true,"href":"https:\/\/linitiative.ca\/International\/wp-json\/wp\/v2\/comments?post=67963"}],"version-history":[{"count":0,"href":"https:\/\/linitiative.ca\/International\/wp-json\/wp\/v2\/posts\/67963\/revisions"}],"wp:featuredmedia":[{"embeddable":true,"href":"https:\/\/linitiative.ca\/International\/wp-json\/"}],"wp:attachment":[{"href":"https:\/\/linitiative.ca\/International\/wp-json\/wp\/v2\/media?parent=67963"}],"wp:term":[{"taxonomy":"category","embeddable":true,"href":"https:\/\/linitiative.ca\/International\/wp-json\/wp\/v2\/categories?post=67963"},{"taxonomy":"post_tag","embeddable":true,"href":"https:\/\/linitiative.ca\/International\/wp-json\/wp\/v2\/tags?post=67963"}],"curies":[{"name":"wp","href":"https:\/\/api.w.org\/{rel}","templated":true}]}}