{"id":67965,"date":"2019-11-19T12:00:00","date_gmt":"2019-11-19T17:00:00","guid":{"rendered":"https:\/\/linitiative.ca\/International\/mise-au-point-de-huawei-a-la-troisieme-prorogation-de-la-licence-generale-temporaire-accordee-par-le-departement-americain-du-commerce\/"},"modified":"2019-11-19T12:00:00","modified_gmt":"2019-11-19T17:00:00","slug":"mise-au-point-de-huawei-a-la-troisieme-prorogation-de-la-licence-generale-temporaire-accordee-par-le-departement-americain-du-commerce","status":"publish","type":"post","link":"https:\/\/linitiative.ca\/International\/mise-au-point-de-huawei-a-la-troisieme-prorogation-de-la-licence-generale-temporaire-accordee-par-le-departement-americain-du-commerce\/","title":{"rendered":"Mise au point de Huawei \u00e0 la troisi\u00e8me prorogation de la licence g\u00e9n\u00e9rale temporaire accord\u00e9e par le D\u00e9partement am\u00e9ricain du Commerce"},"content":{"rendered":"<p><span class=\"c2\">Huawei vient de r\u00e9agir \u00e0 la nouvelle extension de 90 jours qui autorise les firmes am\u00e9ricaines \u00e0 entretenir des relations commerciales avec le constructeur :<\/span><br \/>La prolongation de la licence g\u00e9n\u00e9rale temporaire accord\u00e9e par le D\u00e9partement am\u00e9ricain du Commerce n&rsquo;aura pas d&rsquo;impact substantiel sur les activit\u00e9s de Huawei. Nous consid\u00e9rons que cette d\u00e9cision ne change rien au fait que Huawei continue encore d&rsquo;\u00eatre injustement trait\u00e9e.<\/p>\n<p>Nous ne cessons d\u2019affirmer que la d\u00e9cision du minist\u00e8re am\u00e9ricain du Commerce d&rsquo;ajouter Huawei \u00e0 la liste des entit\u00e9s concern\u00e9es par ses mesures a, en fait, caus\u00e9 beaucoup plus de tort aux \u00c9tats-Unis qu&rsquo;\u00e0 Huawei elle-m\u00eame. Elle est \u00e0 l\u2019origine d\u2019un pr\u00e9judice \u00e9conomique important p\u00e9nalisant les entreprises am\u00e9ricaines qui op\u00e8rent avec Huawei, comme elle a perturb\u00e9 leur collaboration et min\u00e9 la confiance mutuelle dont d\u00e9pend la cha\u00eene d&rsquo;approvisionnement mondiale. Nous appelons le gouvernement am\u00e9ricain \u00e0 mettre fin \u00e0 ce traitement injuste et \u00e0 retirer Huawei de la liste des entit\u00e9s vis\u00e9es.<\/p>\n<p>Auteur:<br \/>\n<a href=\"https:\/\/www.leaders.com.tn\/article\/28459-declaration-aux-medias-concernant-la-troisieme-prorogation-de-la-licence-generale-temporaire-accordee-par-le-departement-americain-du-commerce\">Cliquez ici pour lire l&rsquo;article depuis sa source.<\/a><\/p>\n","protected":false},"excerpt":{"rendered":"<p>Huawei vient de r\u00e9agir \u00e0 la nouvelle extension de 90 jours qui autorise les firmes am\u00e9ricaines \u00e0 entretenir des relations commerciales avec le constructeur :La prolongation de la licence g\u00e9n\u00e9rale temporaire accord\u00e9e par le D\u00e9partement am\u00e9ricain du Commerce n&rsquo;aura pas d&rsquo;impact substantiel sur les activit\u00e9s de Huawei. Nous consid\u00e9rons que cette d\u00e9cision ne change rien [&hellip;]<\/p>\n","protected":false},"author":1772,"featured_media":0,"comment_status":"closed","ping_status":"closed","sticky":false,"template":"","format":"standard","meta":{"fifu_image_url":"","fifu_image_alt":"","footnotes":""},"categories":[73,55],"tags":[],"class_list":["post-67965","post","type-post","status-publish","format-standard","hentry","category-actualite","category-tunisie"],"_links":{"self":[{"href":"https:\/\/linitiative.ca\/International\/wp-json\/wp\/v2\/posts\/67965","targetHints":{"allow":["GET"]}}],"collection":[{"href":"https:\/\/linitiative.ca\/International\/wp-json\/wp\/v2\/posts"}],"about":[{"href":"https:\/\/linitiative.ca\/International\/wp-json\/wp\/v2\/types\/post"}],"author":[{"embeddable":true,"href":"https:\/\/linitiative.ca\/International\/wp-json\/wp\/v2\/users\/1772"}],"replies":[{"embeddable":true,"href":"https:\/\/linitiative.ca\/International\/wp-json\/wp\/v2\/comments?post=67965"}],"version-history":[{"count":0,"href":"https:\/\/linitiative.ca\/International\/wp-json\/wp\/v2\/posts\/67965\/revisions"}],"wp:attachment":[{"href":"https:\/\/linitiative.ca\/International\/wp-json\/wp\/v2\/media?parent=67965"}],"wp:term":[{"taxonomy":"category","embeddable":true,"href":"https:\/\/linitiative.ca\/International\/wp-json\/wp\/v2\/categories?post=67965"},{"taxonomy":"post_tag","embeddable":true,"href":"https:\/\/linitiative.ca\/International\/wp-json\/wp\/v2\/tags?post=67965"}],"curies":[{"name":"wp","href":"https:\/\/api.w.org\/{rel}","templated":true}]}}