{"id":67966,"date":"2019-11-19T12:25:00","date_gmt":"2019-11-19T17:25:00","guid":{"rendered":"https:\/\/linitiative.ca\/International\/tunisair-express-receptionne-le-1er-avion-de-sa-nouvelle-flotte-photos-et-video\/"},"modified":"2019-11-19T12:25:00","modified_gmt":"2019-11-19T17:25:00","slug":"tunisair-express-receptionne-le-1er-avion-de-sa-nouvelle-flotte-photos-et-video","status":"publish","type":"post","link":"https:\/\/linitiative.ca\/International\/tunisair-express-receptionne-le-1er-avion-de-sa-nouvelle-flotte-photos-et-video\/","title":{"rendered":"Tunisair Express r\u00e9ceptionne le 1er avion de sa nouvelle flotte (Photos et Vid\u00e9o)"},"content":{"rendered":"<p>Tunisair express a r\u00e9ceptionn\u00e9 ce mardi le premier avion d\u2019une commande de trois appareils turbopropulseurs de type ATR 72-600. Baptis\u00e9 Bulla Regia, Il a atterri en fin de matin\u00e9e \u00e0 l\u2019a\u00e9roport Tunis-Carthage en provenance de ses usines toulousaines. L\u2019ATR 72, qui est l\u2019avion r\u00e9gional le plus vendu au monde, est adapt\u00e9 aux lignes r\u00e9gionales que dessert Tunisair express. Il repr\u00e9sente une alternative \u00e9conome et \u00e9cologique au jet r\u00e9gional ordinaire, puisqu\u2019il consommerait jusqu\u2019\u00e0 40% de carburant en moins. La c\u00e9r\u00e9monie de r\u00e9ception et d\u2019arrosage a eu lieu en pr\u00e9sence de M. Youssef Chahed, chef du gouvernement charg\u00e9 d\u2019exp\u00e9dier les affaires courantes, ainsi que M. Ren\u00e9 Trabelsi, ministre du tourisme et du transport par int\u00e9rim.<\/p>\n<p>Cette acquisition ouvre la voie au renouvellement int\u00e9gral de la flotte de la compagnie, qualifi\u00e9 de strat\u00e9gique par la directrice g\u00e9n\u00e9rale de Tunisair Express Mme. YosrChouari, qui d\u00e9clare \u00e0 Leaders : \u00ab Ces derni\u00e8res ann\u00e9es, notre compagnie a \u00e9prouv\u00e9 des difficult\u00e9s immenses, notamment \u00e0 cause de la d\u00e9t\u00e9rioration de l\u2019\u00e9tat des avions. Face \u00e0 une situation difficile et une client\u00e8le insatisfaite,\u00a0 Tunisair express a initi\u00e9 le remplacement de ces anciens turbopropulseurs par des nouveaux, le dernier arrivant en Avril 2020. Cette refonte est louable pour Tunisair Express. Elle s\u2019inscrit directement dans notre strat\u00e9gie d\u2019am\u00e9lioration des performances et de la satisfaction client.<br \/>\u00a0<\/p>\n<p class=\"c2\"><iframe loading=\"lazy\" src=\"https:\/\/www.youtube.com\/embed\/TPljIokqhp0\" allow=\"accelerometer; autoplay; encrypted-media; gyroscope; picture-in-picture\" allowfullscreen=\"\" width=\"560\" height=\"315\" frameborder=\"0\">[embedded content]<\/iframe><\/p>\n<p class=\"c3\">Nous cherchons avant tout \u00e0 regagner la confiance de nos passagers en am\u00e9liorant notre taux de r\u00e9gularit\u00e9, mais aussi la fr\u00e9quence de nos vols domestiques et internationaux.\u00bb<br \/>M. Ren\u00e9 Trabelsi a estim\u00e9pour sa part que cette acquisition repr\u00e9sentait une perc\u00e9e tant attendue, \u00e9tant donn\u00e9 les difficult\u00e9s que vit la compagnie pour desservir les lignes Djerba, Sfax, Tozeur et pleins d\u2019autres destinations. \u00ab Ce renouvellement \u00e0 100% de la flotte de Tunisair Express est une bonne nouvelle pour le tourisme et le transport a\u00e9rien en Tunise. D\u2019autant plus que Tunisair, la compagnie m\u00e8re, accueillera ses nouveaux Airbus 320 au d\u00e9but de l\u2019ann\u00e9e 2020 \u00bb.<\/p>\n<p class=\"c3\">Le renouvellement de la flotte de Tunisair Express et la commande de nouveaux avions pour Tunisairannoncepeut-\u00eatre une relance du pavillon national.<\/p>\n<p>Auteur:<br \/>\n<a href=\"https:\/\/www.leaders.com.tn\/article\/28460-tunisair-express-receptionne-le-1er-avion-de-sa-nouvelle-flotte-photos-et-video\">Cliquez ici pour lire l&rsquo;article depuis sa source.<\/a><\/p>\n","protected":false},"excerpt":{"rendered":"<p>Tunisair express a r\u00e9ceptionn\u00e9 ce mardi le premier avion d\u2019une commande de trois appareils turbopropulseurs de type ATR 72-600. Baptis\u00e9 Bulla Regia, Il a atterri en fin de matin\u00e9e \u00e0 l\u2019a\u00e9roport Tunis-Carthage en provenance de ses usines toulousaines. L\u2019ATR 72, qui est l\u2019avion r\u00e9gional le plus vendu au monde, est adapt\u00e9 aux lignes r\u00e9gionales que [&hellip;]<\/p>\n","protected":false},"author":1772,"featured_media":0,"comment_status":"closed","ping_status":"closed","sticky":false,"template":"","format":"standard","meta":{"fifu_image_url":"","fifu_image_alt":"","footnotes":""},"categories":[73,55],"tags":[],"class_list":["post-67966","post","type-post","status-publish","format-standard","hentry","category-actualite","category-tunisie"],"_links":{"self":[{"href":"https:\/\/linitiative.ca\/International\/wp-json\/wp\/v2\/posts\/67966","targetHints":{"allow":["GET"]}}],"collection":[{"href":"https:\/\/linitiative.ca\/International\/wp-json\/wp\/v2\/posts"}],"about":[{"href":"https:\/\/linitiative.ca\/International\/wp-json\/wp\/v2\/types\/post"}],"author":[{"embeddable":true,"href":"https:\/\/linitiative.ca\/International\/wp-json\/wp\/v2\/users\/1772"}],"replies":[{"embeddable":true,"href":"https:\/\/linitiative.ca\/International\/wp-json\/wp\/v2\/comments?post=67966"}],"version-history":[{"count":0,"href":"https:\/\/linitiative.ca\/International\/wp-json\/wp\/v2\/posts\/67966\/revisions"}],"wp:attachment":[{"href":"https:\/\/linitiative.ca\/International\/wp-json\/wp\/v2\/media?parent=67966"}],"wp:term":[{"taxonomy":"category","embeddable":true,"href":"https:\/\/linitiative.ca\/International\/wp-json\/wp\/v2\/categories?post=67966"},{"taxonomy":"post_tag","embeddable":true,"href":"https:\/\/linitiative.ca\/International\/wp-json\/wp\/v2\/tags?post=67966"}],"curies":[{"name":"wp","href":"https:\/\/api.w.org\/{rel}","templated":true}]}}