{"id":67972,"date":"2019-11-19T05:00:00","date_gmt":"2019-11-19T10:00:00","guid":{"rendered":"https:\/\/linitiative.ca\/International\/bouzid-revient-sur-sa-decision\/"},"modified":"2019-11-19T05:00:00","modified_gmt":"2019-11-19T10:00:00","slug":"bouzid-revient-sur-sa-decision","status":"publish","type":"post","link":"https:\/\/linitiative.ca\/International\/bouzid-revient-sur-sa-decision\/","title":{"rendered":"Bouzid revient sur sa d\u00e9cision"},"content":{"rendered":"<p>Le ministre de l&rsquo;Enseignement sup\u00e9rieur et de la Recherche scientifique vient d&rsquo;annuler, dans une correspondance envoy\u00e9e ce dimanche aux chefs des \u00e9tablissements universitaires, sa d\u00e9cision portant annulation des stages de courte dur\u00e9e vers la Tunisie et le Maroc. Tayeb Bouzid vient visiblement de c\u00e9der \u00e0 la pression qu&rsquo;il subit depuis une semaine, suite \u00e0 l&rsquo;annonce de cette d\u00e9cision, de la part notamment des syndicats du secteur. En revanche, les stages effectu\u00e9s durant ces deux derni\u00e8res ann\u00e9es vont faire l&rsquo;objet d&rsquo;une \u00e9valuation pour mettre en place de nouveaux crit\u00e8res, annonce-t-on.<\/p>\n<p>Auteur:<br \/>\n<a href=\"https:\/\/www.lesoirdalgerie.com\/periscoop\/bouzid-revient-sur-sa-decision-33809\">Cliquez ici pour lire l&rsquo;article depuis sa source.<\/a><\/p>\n","protected":false},"excerpt":{"rendered":"<p>Le ministre de l&rsquo;Enseignement sup\u00e9rieur et de la Recherche scientifique vient d&rsquo;annuler, dans une correspondance envoy\u00e9e ce dimanche aux chefs des \u00e9tablissements universitaires, sa d\u00e9cision portant annulation des stages de courte dur\u00e9e vers la Tunisie et le Maroc. Tayeb Bouzid vient visiblement de c\u00e9der \u00e0 la pression qu&rsquo;il subit depuis une semaine, suite \u00e0 l&rsquo;annonce [&hellip;]<\/p>\n","protected":false},"author":1741,"featured_media":0,"comment_status":"closed","ping_status":"closed","sticky":false,"template":"","format":"standard","meta":{"fifu_image_url":"","fifu_image_alt":"","footnotes":""},"categories":[73,53],"tags":[],"class_list":["post-67972","post","type-post","status-publish","format-standard","hentry","category-actualite","category-algerie"],"_links":{"self":[{"href":"https:\/\/linitiative.ca\/International\/wp-json\/wp\/v2\/posts\/67972","targetHints":{"allow":["GET"]}}],"collection":[{"href":"https:\/\/linitiative.ca\/International\/wp-json\/wp\/v2\/posts"}],"about":[{"href":"https:\/\/linitiative.ca\/International\/wp-json\/wp\/v2\/types\/post"}],"author":[{"embeddable":true,"href":"https:\/\/linitiative.ca\/International\/wp-json\/wp\/v2\/users\/1741"}],"replies":[{"embeddable":true,"href":"https:\/\/linitiative.ca\/International\/wp-json\/wp\/v2\/comments?post=67972"}],"version-history":[{"count":0,"href":"https:\/\/linitiative.ca\/International\/wp-json\/wp\/v2\/posts\/67972\/revisions"}],"wp:attachment":[{"href":"https:\/\/linitiative.ca\/International\/wp-json\/wp\/v2\/media?parent=67972"}],"wp:term":[{"taxonomy":"category","embeddable":true,"href":"https:\/\/linitiative.ca\/International\/wp-json\/wp\/v2\/categories?post=67972"},{"taxonomy":"post_tag","embeddable":true,"href":"https:\/\/linitiative.ca\/International\/wp-json\/wp\/v2\/tags?post=67972"}],"curies":[{"name":"wp","href":"https:\/\/api.w.org\/{rel}","templated":true}]}}