{"id":67973,"date":"2019-11-19T05:00:00","date_gmt":"2019-11-19T10:00:00","guid":{"rendered":"https:\/\/linitiative.ca\/International\/il-est-misogyne-ils-le-sont-tous\/"},"modified":"2019-11-19T05:00:00","modified_gmt":"2019-11-19T10:00:00","slug":"il-est-misogyne-ils-le-sont-tous","status":"publish","type":"post","link":"https:\/\/linitiative.ca\/International\/il-est-misogyne-ils-le-sont-tous\/","title":{"rendered":"Il est misogyne. Ils le sont tous !"},"content":{"rendered":"<p class=\"c3\">Au lieu de chercher \u00e0 comprendre pourquoi ils sortent en nombre tous les mardis et vendredis et m\u00eame les jours o\u00f9 il ne se passe rien, qu\u2019il pleuve, vente ou gr\u00eale, il propose, sans leur demander leur avis ou leur permission, de penser \u00e0 leur place, de les marier. La cause des femmes ou comment on s\u2019en d\u00e9marque le mieux ? J\u2019adore personnellement revenir sur ce que leur programment leurs pourfendeurs ! J\u2019adore recommander le calme \u00e0 ceux qui ne savent pas regarder au-del\u00e0 de leurs propres \u0153ill\u00e8res ou qui ne savent m\u00eame pas qu\u2019ils en ont ! Je suis polie, je parle d\u2019\u0153ill\u00e8res !\u00a0<br \/>Suivez le guide, semble-t-il dire ! Il en a tout \u00e0 fait le droit ! Et il ne serait pas le seul, en v\u00e9rit\u00e9, \u00e0 r\u00eaver de le formuler ainsi. Je me souviens que l\u2019un des 5 candidats en lice pour la pr\u00e9sidentielle, programm\u00e9e pour le 12 d\u00e9cembre prochain, a d\u00e9j\u00e0 eu \u00e0 se d\u00e9marquer de ce sort fait aux femmes, en juin 84. C\u2019\u00e9tait, il y a quelques ann\u00e9es d\u00e9j\u00e0, quand des femmes de son staff avaient propos\u00e9 d\u2019inclure, dans son programme \u00e9lectoral, une r\u00e9vision du code de l\u2019infamie. L\u2019ambitieux candidat, qui l\u2019est toujours autant, avait alors r\u00e9pliqu\u00e9 que le moment \u00e9tait mal choisi pour en parler.\u00a0\u00a0<br \/>Prisonniers du conservatisme entretenu, \u00e0 de rares exceptions pr\u00e8s, par la classe politique, par conviction ou pour ne pas se mettre \u00e0 dos les forces anti-progressistes des zaou\u00efas, promues par Bouteflika pour appuyer ses d\u00e9rives et celles des siens, il fallait en avoir sous le pied pour ne pas flirter avec les id\u00e9es r\u00e9trogrades cultiv\u00e9es \u00e0 foison, pour r\u00e9gner sans partage sur une soci\u00e9t\u00e9 mise \u00e0 terre par une d\u00e9cennie sanglante.\u00a0<br \/>Ne pas int\u00e9grer cette r\u00e9alit\u00e9 dans ses projets \u00e0 venir aggraverait les risques pour le long chemin qui reste \u00e0 faire. Comprendre cela permettrait d\u2019aborder plus sereinement le reste ! M\u00eame si je reste persuad\u00e9e que la priorit\u00e9 des femmes n\u2019a rien de commun avec celle qu\u2019imagine pour elles le candidat islamiste. Celui qui se voit d\u00e9j\u00e0 en haut du podium. Si je ne suis plus en \u00e2ge de courir les maris, j\u2019aime \u00e0 croire que ma descendance, elle, veillera \u00e0 se construire une vie socio\u00e9conomique et culturelle stable avant de penser \u00e0 la r\u00e9ussir au plan conjugal.\u00a0\u00a0<br \/><em><strong>M. B.<\/strong><\/em><\/p>\n<p>Auteur:<br \/>\n<a href=\"https:\/\/www.lesoirdalgerie.com\/soit-dit-en-passant\/il-est-misogyne-ils-le-sont-tous-33808\">Cliquez ici pour lire l&rsquo;article depuis sa source.<\/a><\/p>\n","protected":false},"excerpt":{"rendered":"<p>Au lieu de chercher \u00e0 comprendre pourquoi ils sortent en nombre tous les mardis et vendredis et m\u00eame les jours o\u00f9 il ne se passe rien, qu\u2019il pleuve, vente ou gr\u00eale, il propose, sans leur demander leur avis ou leur permission, de penser \u00e0 leur place, de les marier. La cause des femmes ou comment [&hellip;]<\/p>\n","protected":false},"author":1741,"featured_media":0,"comment_status":"closed","ping_status":"closed","sticky":false,"template":"","format":"standard","meta":{"fifu_image_url":"","fifu_image_alt":"","footnotes":""},"categories":[73,53],"tags":[],"class_list":["post-67973","post","type-post","status-publish","format-standard","hentry","category-actualite","category-algerie"],"_links":{"self":[{"href":"https:\/\/linitiative.ca\/International\/wp-json\/wp\/v2\/posts\/67973","targetHints":{"allow":["GET"]}}],"collection":[{"href":"https:\/\/linitiative.ca\/International\/wp-json\/wp\/v2\/posts"}],"about":[{"href":"https:\/\/linitiative.ca\/International\/wp-json\/wp\/v2\/types\/post"}],"author":[{"embeddable":true,"href":"https:\/\/linitiative.ca\/International\/wp-json\/wp\/v2\/users\/1741"}],"replies":[{"embeddable":true,"href":"https:\/\/linitiative.ca\/International\/wp-json\/wp\/v2\/comments?post=67973"}],"version-history":[{"count":0,"href":"https:\/\/linitiative.ca\/International\/wp-json\/wp\/v2\/posts\/67973\/revisions"}],"wp:attachment":[{"href":"https:\/\/linitiative.ca\/International\/wp-json\/wp\/v2\/media?parent=67973"}],"wp:term":[{"taxonomy":"category","embeddable":true,"href":"https:\/\/linitiative.ca\/International\/wp-json\/wp\/v2\/categories?post=67973"},{"taxonomy":"post_tag","embeddable":true,"href":"https:\/\/linitiative.ca\/International\/wp-json\/wp\/v2\/tags?post=67973"}],"curies":[{"name":"wp","href":"https:\/\/api.w.org\/{rel}","templated":true}]}}