{"id":67975,"date":"2019-11-19T05:00:00","date_gmt":"2019-11-19T10:00:00","guid":{"rendered":"https:\/\/linitiative.ca\/International\/qui-etait-la-en-premier-loeuf-ou-les-cranes-doeufs\/"},"modified":"2019-11-19T05:00:00","modified_gmt":"2019-11-19T10:00:00","slug":"qui-etait-la-en-premier-loeuf-ou-les-cranes-doeufs","status":"publish","type":"post","link":"https:\/\/linitiative.ca\/International\/qui-etait-la-en-premier-loeuf-ou-les-cranes-doeufs\/","title":{"rendered":"Qui \u00e9tait l\u00e0 en premier ? L\u2019\u0153uf ou les cr\u00e2nes d\u2019\u0153ufs ?"},"content":{"rendered":"<p class=\"c3\">&#8211; T\u2019as vu ! L\u2019arm\u00e9e a lanc\u00e9 un appel au peuple !<br \/>&#8211; Tu veux dire un ordre d\u2019appel !<br \/>&#8211; ???<\/p>\n<p class=\"c3\">Et les autres, l\u00e0 ! Les boulangers et l\u2019association des consommateurs qui nous tannent le cuir avec le gaspillage du pain ! M\u2019enfin ! Y a pire ces derni\u00e8res heures ! Y a le gaspillage des \u0153ufs ! Je n\u2019ai jamais vu \u00e7a ! Il s\u2019en consomme comme des\u2026 p\u2019tits pains ! Aurais-je rat\u00e9 une m\u00e9ga-promo sur les \u0153ufs ? Je ne pense pas. Ou alors, c\u2019est que j\u2019hiberne fort. Les \u00e9piciers et les autres revendeurs de \u00ab fils de la poule \u00bb eux-m\u00eames n\u2019en reviennent pas. D\u00e9bord\u00e9s, qu\u2019ils sont ! Y a pas de f\u00eates \u00e0 g\u00e2teaux proches, que je sache. Pas d\u2019arriv\u00e9es massives de hadjis. Pas de d\u00e9parts, non plus. Le Ramadhan, mazal. Alors ? C\u2019est quoi cette flamb\u00e9e, cette po\u00eal\u00e9e subite d\u2019\u0153ufs ? La Principaut\u00e9 aurait-elle chang\u00e9 ses habitudes culinaires, gastronomiques et di\u00e9t\u00e9tiques, optant brutalement et sans pr\u00e9venir pour des r\u00e9gimes d\u2019\u0153ufs intensifs ? Myst\u00e8re ! Un myst\u00e8re d\u2019autant plus \u00e9pais que ce matin, en allant chercher mes croissants &#8211; au beurre, et sans \u0153ufs, dois-je le pr\u00e9ciser ? &#8211; j\u2019ai failli m\u2019\u00e9taler \u00e0 plusieurs reprises dans la rue. Les trottoirs \u00e9taient englu\u00e9s d\u2019\u0153ufs non encore compl\u00e8tement s\u00e9ch\u00e9s. Et le sol jonch\u00e9 de coquilles fracass\u00e9es. Aw ?!! Les D\u00e9z\u00e9diens, en plus de changer leurs habitudes alimentaires en consommant comme des forcen\u00e9s des \u0153ufs, auraient-ils aussi opt\u00e9 pour les cuisiner dehors, en pleine rue ? Auquel cas, je d\u00e9nonce une atteinte flagrante \u00e0 l\u2019environnement. Quelle saloperie ! Toute la ville pue l\u2019\u0153uf pourri ! Les murs, on dirait des toiles surr\u00e9alistes avec forte dominante jaune-caca. Casser des \u0153ufs ? C\u2019est votre probl\u00e8me. Mais pas n\u2019importe o\u00f9. Et surtout, pas sur n\u2019importe qui. Halte au gaspillage ! Vous avez faim ? Eh ben, fumez du th\u00e9 et restez \u00e9veill\u00e9s \u00e0 votre cholest\u00e9rol, le cauchemar continue.<br \/><em><strong>H. L.<\/strong><\/em><\/p>\n<p>Auteur:<br \/>\n<a href=\"https:\/\/www.lesoirdalgerie.com\/pousse-avec-eux\/qui-etait-la-en-premier-loeuf-ou-les-cranes-doeufs-33806\">Cliquez ici pour lire l&rsquo;article depuis sa source.<\/a><\/p>\n","protected":false},"excerpt":{"rendered":"<p>&#8211; T\u2019as vu ! L\u2019arm\u00e9e a lanc\u00e9 un appel au peuple !&#8211; Tu veux dire un ordre d\u2019appel !&#8211; ??? Et les autres, l\u00e0 ! Les boulangers et l\u2019association des consommateurs qui nous tannent le cuir avec le gaspillage du pain ! M\u2019enfin ! Y a pire ces derni\u00e8res heures ! Y a le gaspillage [&hellip;]<\/p>\n","protected":false},"author":1741,"featured_media":0,"comment_status":"closed","ping_status":"closed","sticky":false,"template":"","format":"standard","meta":{"fifu_image_url":"","fifu_image_alt":"","footnotes":""},"categories":[73,53],"tags":[],"class_list":["post-67975","post","type-post","status-publish","format-standard","hentry","category-actualite","category-algerie"],"_links":{"self":[{"href":"https:\/\/linitiative.ca\/International\/wp-json\/wp\/v2\/posts\/67975","targetHints":{"allow":["GET"]}}],"collection":[{"href":"https:\/\/linitiative.ca\/International\/wp-json\/wp\/v2\/posts"}],"about":[{"href":"https:\/\/linitiative.ca\/International\/wp-json\/wp\/v2\/types\/post"}],"author":[{"embeddable":true,"href":"https:\/\/linitiative.ca\/International\/wp-json\/wp\/v2\/users\/1741"}],"replies":[{"embeddable":true,"href":"https:\/\/linitiative.ca\/International\/wp-json\/wp\/v2\/comments?post=67975"}],"version-history":[{"count":0,"href":"https:\/\/linitiative.ca\/International\/wp-json\/wp\/v2\/posts\/67975\/revisions"}],"wp:attachment":[{"href":"https:\/\/linitiative.ca\/International\/wp-json\/wp\/v2\/media?parent=67975"}],"wp:term":[{"taxonomy":"category","embeddable":true,"href":"https:\/\/linitiative.ca\/International\/wp-json\/wp\/v2\/categories?post=67975"},{"taxonomy":"post_tag","embeddable":true,"href":"https:\/\/linitiative.ca\/International\/wp-json\/wp\/v2\/tags?post=67975"}],"curies":[{"name":"wp","href":"https:\/\/api.w.org\/{rel}","templated":true}]}}