{"id":67977,"date":"2019-11-19T12:52:30","date_gmt":"2019-11-19T17:52:30","guid":{"rendered":"https:\/\/linitiative.ca\/International\/modele-de-developpement-chakib-benmoussa-nomme-president-de-la-commission-speciale\/"},"modified":"2019-11-19T12:52:30","modified_gmt":"2019-11-19T17:52:30","slug":"modele-de-developpement-chakib-benmoussa-nomme-president-de-la-commission-speciale","status":"publish","type":"post","link":"https:\/\/linitiative.ca\/International\/modele-de-developpement-chakib-benmoussa-nomme-president-de-la-commission-speciale\/","title":{"rendered":"Mod\u00e8le de d\u00e9veloppement : Chakib Benmoussa nomm\u00e9 pr\u00e9sident de la commission sp\u00e9ciale"},"content":{"rendered":"<p><strong>La commission sp\u00e9ciale que pr\u00e9sidera Chakib Benmoussa aura un r\u00f4le crucial \u00e0 jouer dans la mise en place et l\u2019impl\u00e9mentation du nouveau mod\u00e8le de d\u00e9veloppement.<\/strong><\/p>\n<div class=\"c10\"\/>\n<p>C\u2019est lui qui pr\u00e9sidera la <strong>Commission sp\u00e9ciale<\/strong> sur le mod\u00e8le de d\u00e9veloppement. Chakib Benmoussa vient en effet d\u2019\u00eatre nomm\u00e9 par SM le roi Mohammed VI en tant que pr\u00e9sident de cette entit\u00e9 sp\u00e9ciale qui aura un r\u00f4le capital \u00e0 jouer dans la r\u00e9flexion, la mise en place et l\u2019<strong>impl\u00e9mentation<\/strong> du nouveau mod\u00e8le de d\u00e9veloppement.<\/p>\n<p>Rappelons que c\u2019est dans son discours prononc\u00e9 \u00e0 l\u2019occasion du 20<sup>\u00e8me<\/sup> anniversaire de son accession au Tr\u00f4ne que le Souverain a annonc\u00e9 que la mise en place de cette commission sp\u00e9ciale se fera dans les plus brefs d\u00e9lais. Soulignons que cette entit\u00e9 sp\u00e9ciale, sous la houlette de <strong>Chakib Benmoussa<\/strong>, aura, entre autres, \u00e0 mener\u00a0une triple mission de r\u00e9ajustement, d\u2019anticipation, de prospective pour permettre au Maroc d\u2019aborder l\u2019avenir avec s\u00e9r\u00e9nit\u00e9 et assurance.<\/p>\n<p>N\u00e9 le 24 f\u00e9vrier 1958 \u00e0 F\u00e8s, Chakib Benmoussa est un ing\u00e9nieur et homme politique qui a occup\u00e9 plusieurs fonctions au plus haut niveau de l\u2019Etat. Avant sa nomination en tant que pr\u00e9sident de la Commission sp\u00e9ciale sur le mod\u00e8le de d\u00e9veloppement, il occupait la fonction d\u2019Ambassadeur du Maroc \u00e0 Paris (France).<\/p>\n<div class=\"c17\">\n<fieldset class=\"c16\">\n<legend><strong><span class=\"c11\">Challenge<\/span><span class=\"c12\">news<\/span><\/strong><\/legend>\n<div class=\"c15\">Le meilleur de Challenge s\u00e9lectionn\u00e9 par la r\u00e9daction :<\/p>\n<\/div>\n<\/fieldset>\n<\/div>\n<p>Auteur: Roland Amoussou<br \/>\n<a href=\"https:\/\/www.challenge.ma\/modele-de-developpement-chakib-benmoussa-nomme-president-de-la-commission-speciale-123574\/\">Cliquez ici pour lire l&rsquo;article depuis sa source.<\/a><\/p>\n","protected":false},"excerpt":{"rendered":"<p>La commission sp\u00e9ciale que pr\u00e9sidera Chakib Benmoussa aura un r\u00f4le crucial \u00e0 jouer dans la mise en place et l\u2019impl\u00e9mentation du nouveau mod\u00e8le de d\u00e9veloppement. C\u2019est lui qui pr\u00e9sidera la Commission sp\u00e9ciale sur le mod\u00e8le de d\u00e9veloppement. Chakib Benmoussa vient en effet d\u2019\u00eatre nomm\u00e9 par SM le roi Mohammed VI en tant que pr\u00e9sident de [&hellip;]<\/p>\n","protected":false},"author":1787,"featured_media":0,"comment_status":"closed","ping_status":"closed","sticky":false,"template":"","format":"standard","meta":{"fifu_image_url":"","fifu_image_alt":"","footnotes":""},"categories":[78,54],"tags":[],"class_list":["post-67977","post","type-post","status-publish","format-standard","hentry","category-economie","category-maroc"],"_links":{"self":[{"href":"https:\/\/linitiative.ca\/International\/wp-json\/wp\/v2\/posts\/67977","targetHints":{"allow":["GET"]}}],"collection":[{"href":"https:\/\/linitiative.ca\/International\/wp-json\/wp\/v2\/posts"}],"about":[{"href":"https:\/\/linitiative.ca\/International\/wp-json\/wp\/v2\/types\/post"}],"author":[{"embeddable":true,"href":"https:\/\/linitiative.ca\/International\/wp-json\/wp\/v2\/users\/1787"}],"replies":[{"embeddable":true,"href":"https:\/\/linitiative.ca\/International\/wp-json\/wp\/v2\/comments?post=67977"}],"version-history":[{"count":0,"href":"https:\/\/linitiative.ca\/International\/wp-json\/wp\/v2\/posts\/67977\/revisions"}],"wp:attachment":[{"href":"https:\/\/linitiative.ca\/International\/wp-json\/wp\/v2\/media?parent=67977"}],"wp:term":[{"taxonomy":"category","embeddable":true,"href":"https:\/\/linitiative.ca\/International\/wp-json\/wp\/v2\/categories?post=67977"},{"taxonomy":"post_tag","embeddable":true,"href":"https:\/\/linitiative.ca\/International\/wp-json\/wp\/v2\/tags?post=67977"}],"curies":[{"name":"wp","href":"https:\/\/api.w.org\/{rel}","templated":true}]}}