{"id":67978,"date":"2019-11-19T15:57:10","date_gmt":"2019-11-19T20:57:10","guid":{"rendered":"https:\/\/linitiative.ca\/International\/un-arbitre-sud-africain-pour-raja-esperance-sportive-de-tunis\/"},"modified":"2019-11-19T15:57:10","modified_gmt":"2019-11-19T20:57:10","slug":"un-arbitre-sud-africain-pour-raja-esperance-sportive-de-tunis","status":"publish","type":"post","link":"https:\/\/linitiative.ca\/International\/un-arbitre-sud-africain-pour-raja-esperance-sportive-de-tunis\/","title":{"rendered":"Un arbitre sud-africain pour Raja-Esp\u00e9rance sportive de Tunis"},"content":{"rendered":"<p><strong>Apr\u00e8s avoir offici\u00e9 \u00e0 la Coupe du Monde des moins de 17 ans au Br\u00e9sil cette ann\u00e9e, l\u2019arbitre sud-africain Victor Gomes dirigera la d\u00e9l\u00e9gation d\u2019officiels d\u00e9sign\u00e9s pour le match devant opposer le Raja Club Athlethic \u00e0 l\u2019Esp\u00e9rance sportive de Tunis\u00a0comptant pour la premi\u00e8re journ\u00e9e de la phase de groupes de la Ligue des champions de la CAF.<\/strong><\/p>\n<div class=\"c10\"\/>\n<p>L\u2019information a \u00e9t\u00e9 publi\u00e9e ce mardi\u00a0soir par la f\u00e9d\u00e9ration sud-africaine de football sur son <a href=\"https:\/\/www.safa.net\/2019\/11\/19\/gomes-officiate-top-caf-champions-league-match-2\/\">site<\/a> officiel.<\/p>\n<p>Victor Gomes sera assist\u00e9 de son compatriote Zakhele Siwela, premier arbitre assistant et de Souru Phatsoane, du Lesotho, deuxi\u00e8me arbitre assistant. Le quatri\u00e8me responsable de cette rencontre potentiellement all\u00e9chante est un autre Sud-africain, Eugine Mduli. Le commissaire du match est le S\u00e9n\u00e9galais Oumar Diop, l\u2019Egyptien Gamal Gandour est l\u2019arbitre \u00e9valuateur, tandis que le Ghan\u00e9en Alexander Sakyi Asante a \u00e9t\u00e9 d\u00e9sign\u00e9 coordinateur g\u00e9n\u00e9ral.<\/p>\n<p>Ce match tr\u00e8s attendu\u00a0sera jou\u00e9 le samedi 30 novembre \u00e0 20h au stade du complexe sportif Mohammed V \u00e0 Casablanca.<\/p>\n<div class=\"c17\">\n<fieldset class=\"c16\">\n<legend><strong><span class=\"c11\">Challenge<\/span><span class=\"c12\">news<\/span><\/strong><\/legend>\n<div class=\"c15\">Le meilleur de Challenge s\u00e9lectionn\u00e9 par la r\u00e9daction :<\/p>\n<\/div>\n<\/fieldset>\n<\/div>\n<p>Auteur: Noureddine Boughanmi<br \/>\n<a href=\"https:\/\/www.challenge.ma\/un-arbitre-sud-africain-pour-raja-esperance-sportive-de-tunis-123580\/\">Cliquez ici pour lire l&rsquo;article depuis sa source.<\/a><\/p>\n","protected":false},"excerpt":{"rendered":"<p>Apr\u00e8s avoir offici\u00e9 \u00e0 la Coupe du Monde des moins de 17 ans au Br\u00e9sil cette ann\u00e9e, l\u2019arbitre sud-africain Victor Gomes dirigera la d\u00e9l\u00e9gation d\u2019officiels d\u00e9sign\u00e9s pour le match devant opposer le Raja Club Athlethic \u00e0 l\u2019Esp\u00e9rance sportive de Tunis\u00a0comptant pour la premi\u00e8re journ\u00e9e de la phase de groupes de la Ligue des champions de [&hellip;]<\/p>\n","protected":false},"author":1787,"featured_media":0,"comment_status":"closed","ping_status":"closed","sticky":false,"template":"","format":"standard","meta":{"fifu_image_url":"","fifu_image_alt":"","footnotes":""},"categories":[78,54],"tags":[],"class_list":["post-67978","post","type-post","status-publish","format-standard","hentry","category-economie","category-maroc"],"_links":{"self":[{"href":"https:\/\/linitiative.ca\/International\/wp-json\/wp\/v2\/posts\/67978","targetHints":{"allow":["GET"]}}],"collection":[{"href":"https:\/\/linitiative.ca\/International\/wp-json\/wp\/v2\/posts"}],"about":[{"href":"https:\/\/linitiative.ca\/International\/wp-json\/wp\/v2\/types\/post"}],"author":[{"embeddable":true,"href":"https:\/\/linitiative.ca\/International\/wp-json\/wp\/v2\/users\/1787"}],"replies":[{"embeddable":true,"href":"https:\/\/linitiative.ca\/International\/wp-json\/wp\/v2\/comments?post=67978"}],"version-history":[{"count":0,"href":"https:\/\/linitiative.ca\/International\/wp-json\/wp\/v2\/posts\/67978\/revisions"}],"wp:attachment":[{"href":"https:\/\/linitiative.ca\/International\/wp-json\/wp\/v2\/media?parent=67978"}],"wp:term":[{"taxonomy":"category","embeddable":true,"href":"https:\/\/linitiative.ca\/International\/wp-json\/wp\/v2\/categories?post=67978"},{"taxonomy":"post_tag","embeddable":true,"href":"https:\/\/linitiative.ca\/International\/wp-json\/wp\/v2\/tags?post=67978"}],"curies":[{"name":"wp","href":"https:\/\/api.w.org\/{rel}","templated":true}]}}