{"id":67979,"date":"2019-11-19T15:14:53","date_gmt":"2019-11-19T20:14:53","guid":{"rendered":"https:\/\/linitiative.ca\/International\/tunisie-pourquoi-les-agents-de-la-protection-civile-gravement-brules-a-ras-jedir-nont-pas-ete-transportes-par-helicoptere\/"},"modified":"2019-11-19T15:14:53","modified_gmt":"2019-11-19T20:14:53","slug":"tunisie-pourquoi-les-agents-de-la-protection-civile-gravement-brules-a-ras-jedir-nont-pas-ete-transportes-par-helicoptere","status":"publish","type":"post","link":"https:\/\/linitiative.ca\/International\/tunisie-pourquoi-les-agents-de-la-protection-civile-gravement-brules-a-ras-jedir-nont-pas-ete-transportes-par-helicoptere\/","title":{"rendered":"Tunisie \u2013 Pourquoi les agents de la protection civile gravement br\u00fbl\u00e9s \u00e0 Ras Jedir n\u2019ont pas \u00e9t\u00e9 transport\u00e9s par h\u00e9licopt\u00e8re ?"},"content":{"rendered":"<div class=\"post-cont-in left relative\">\n<div class=\"swp_social_panel swp_horizontal_panel swp_flat_fresh swp_default_full_color swp_individual_full_color swp_other_full_color scale-100 scale-\" data-min-width=\"1100\" data-float-color=\"#ffffff\" data-float=\"none\" data-float-mobile=\"none\" data-transition=\"slide\">\n<div class=\"nc_tweetContainer swp_share_button total_shares total_sharesalt\"><span class=\"swp_count\">1 <span class=\"swp_label\">Partages<\/span><\/span><\/div>\n<\/div>\n<p>Trois agents de la protection civile ont \u00e9t\u00e9 gravement br\u00fbl\u00e9s en intervenant sur un v\u00e9hicule, quand son r\u00e9servoir d\u2019essence \u00e0 explos\u00e9.<\/p>\n<div class=\"code-block code-block-1 c3\"><ins class=\"adsbygoogle c2\" data-ad-layout=\"in-article\" data-ad-format=\"fluid\" data-ad-client=\"ca-pub-2102118777505746\" data-ad-slot=\"7301775417\"\/> <\/div>\n<p>Au d\u00e9but, il \u00e9tait question de les transporter par h\u00e9licopt\u00e8re vers le centre des grands br\u00fbl\u00e9s de Ben Arous, \u00e0 bord d\u2019un h\u00e9licopt\u00e8re militaire.<\/p>\n<div class=\"code-block code-block-2 c3\"><ins class=\"adsbygoogle c2\" data-ad-layout=\"in-article\" data-ad-format=\"fluid\" data-ad-client=\"ca-pub-2102118777505746\" data-ad-slot=\"7301775417\"\/> <\/div>\n<p>Mais, finalement, ils ont \u00e9t\u00e9 transport\u00e9s \u00e0 l\u2019h\u00f4pital de Medenine, pour y recevoir les premiers soins urgents,\u00a0face \u00e0\u00a0l\u2019indignation de leurs coll\u00e8gues.<\/p>\n<p>Le minist\u00e8re de l\u2019Int\u00e9rieur a expliqu\u00e9 que l\u2019h\u00e9licopt\u00e8re a bien \u00e9t\u00e9 envoy\u00e9 sur place, mais que l\u2019\u00e9tat de sant\u00e9 des bless\u00e9s \u00e9tait trop grave pour les transporter \u00e0 bord d\u2019un appareil militaire, non m\u00e9dicalis\u00e9, d\u2019autant qu\u2019ils \u00e9taient sous assistance respiratoire. C\u2019est pour cette raison qu\u2019ils ont \u00e9t\u00e9 transport\u00e9s par ambulances \u00e9quip\u00e9es vers l\u2019h\u00f4pital de M\u00e9denine pour y \u00eatre mis en condition avant d\u2019entreprendre leur transfert sur Tunis.<\/p>\n<p><strong>Que se passe-t-il en Tunisie?<\/strong><br \/>Nous expliquons sur notre <a href=\"https:\/\/www.youtube.com\/channel\/UCRzypVq0B_yBad5eGrwBx0Q?sub_confirmation=1\" target=\"_blank\" rel=\"noopener noreferrer\">cha\u00eene YouTube<\/a> . <a href=\"https:\/\/www.youtube.com\/channel\/UCRzypVq0B_yBad5eGrwBx0Q?sub_confirmation=1\" target=\"_blank\" rel=\"noopener noreferrer\">Abonnez-vous!<\/a><\/p>\n<div class=\"mvp-org-wrap mvp-org-logo\" itemprop=\"publisher\" itemscope=\"\" itemtype=\"https:\/\/schema.org\/Organization\"><img decoding=\"async\" src=\"https:\/\/www.tunisienumerique.com\/wp-content\/uploads\/2017\/02\/logo_tunisie_numerique.png\"\/><\/div>\n<div class=\"swp_social_panel swp_horizontal_panel swp_flat_fresh swp_default_full_color swp_individual_full_color swp_other_full_color scale-100 scale-\" data-min-width=\"1100\" data-float-color=\"#ffffff\" data-float=\"none\" data-float-mobile=\"none\" data-transition=\"slide\">\n<div class=\"nc_tweetContainer swp_share_button total_shares total_sharesalt\"><span class=\"swp_count\">1 <span class=\"swp_label\">Partages<\/span><\/span><\/div>\n<\/div>\n<div class=\"mvp-related-posts left relative\">\n<h4 class=\"post-header\"><span class=\"post-header\">Lire aussi<\/span><\/h4>\n<\/div>\n<\/div>\n<p>Auteur: LM<br \/>\n<a href=\"https:\/\/www.tunisienumerique.com\/tunisie-pourquoi-les-agents-de-la-protection-civile-gravement-brules-a-ras-jedir-nont-pas-ete-transportes-par-helicoptere\/\">Cliquez ici pour lire l&rsquo;article depuis sa source.<\/a><\/p>\n","protected":false},"excerpt":{"rendered":"<p>1 Partages Trois agents de la protection civile ont \u00e9t\u00e9 gravement br\u00fbl\u00e9s en intervenant sur un v\u00e9hicule, quand son r\u00e9servoir d\u2019essence \u00e0 explos\u00e9. Au d\u00e9but, il \u00e9tait question de les transporter par h\u00e9licopt\u00e8re vers le centre des grands br\u00fbl\u00e9s de Ben Arous, \u00e0 bord d\u2019un h\u00e9licopt\u00e8re militaire. Mais, finalement, ils ont \u00e9t\u00e9 transport\u00e9s \u00e0 l\u2019h\u00f4pital [&hellip;]<\/p>\n","protected":false},"author":1789,"featured_media":67980,"comment_status":"closed","ping_status":"closed","sticky":false,"template":"","format":"standard","meta":{"fifu_image_url":"","fifu_image_alt":"","footnotes":""},"categories":[73,55],"tags":[],"class_list":["post-67979","post","type-post","status-publish","format-standard","has-post-thumbnail","hentry","category-actualite","category-tunisie"],"_links":{"self":[{"href":"https:\/\/linitiative.ca\/International\/wp-json\/wp\/v2\/posts\/67979","targetHints":{"allow":["GET"]}}],"collection":[{"href":"https:\/\/linitiative.ca\/International\/wp-json\/wp\/v2\/posts"}],"about":[{"href":"https:\/\/linitiative.ca\/International\/wp-json\/wp\/v2\/types\/post"}],"author":[{"embeddable":true,"href":"https:\/\/linitiative.ca\/International\/wp-json\/wp\/v2\/users\/1789"}],"replies":[{"embeddable":true,"href":"https:\/\/linitiative.ca\/International\/wp-json\/wp\/v2\/comments?post=67979"}],"version-history":[{"count":0,"href":"https:\/\/linitiative.ca\/International\/wp-json\/wp\/v2\/posts\/67979\/revisions"}],"wp:featuredmedia":[{"embeddable":true,"href":"https:\/\/linitiative.ca\/International\/wp-json\/"}],"wp:attachment":[{"href":"https:\/\/linitiative.ca\/International\/wp-json\/wp\/v2\/media?parent=67979"}],"wp:term":[{"taxonomy":"category","embeddable":true,"href":"https:\/\/linitiative.ca\/International\/wp-json\/wp\/v2\/categories?post=67979"},{"taxonomy":"post_tag","embeddable":true,"href":"https:\/\/linitiative.ca\/International\/wp-json\/wp\/v2\/tags?post=67979"}],"curies":[{"name":"wp","href":"https:\/\/api.w.org\/{rel}","templated":true}]}}