{"id":67981,"date":"2019-11-19T15:29:20","date_gmt":"2019-11-19T20:29:20","guid":{"rendered":"https:\/\/linitiative.ca\/International\/la-tunisie-a-receptionne-quatre-terroristes-de-retour-des-zones-de-combats-et-attend-larrivee-de-cinq-autres\/"},"modified":"2019-11-19T15:29:20","modified_gmt":"2019-11-19T20:29:20","slug":"la-tunisie-a-receptionne-quatre-terroristes-de-retour-des-zones-de-combats-et-attend-larrivee-de-cinq-autres","status":"publish","type":"post","link":"https:\/\/linitiative.ca\/International\/la-tunisie-a-receptionne-quatre-terroristes-de-retour-des-zones-de-combats-et-attend-larrivee-de-cinq-autres\/","title":{"rendered":"La Tunisie a r\u00e9ceptionn\u00e9 quatre terroristes de retour des zones de combats, et attend l\u2019arriv\u00e9e de cinq autres"},"content":{"rendered":"<div class=\"post-cont-in left relative\">\n<div class=\"swp_social_panel swp_horizontal_panel swp_flat_fresh swp_default_full_color swp_individual_full_color swp_other_full_color scale-100 scale-\" data-min-width=\"1100\" data-float-color=\"#ffffff\" data-float=\"none\" data-float-mobile=\"none\" data-transition=\"slide\">\n<div class=\"nc_tweetContainer swp_share_button total_shares total_sharesalt\"><span class=\"swp_count\">113 <span class=\"swp_label\">Partages<\/span><\/span><\/div>\n<\/div>\n<p>Le pr\u00e9sident de la commission nationale de lutte contre le terrorisme, Mokhtar Ben Nasr a confirm\u00e9 que la Tunisie a r\u00e9ceptionn\u00e9e, ces derniers jours, quatre \u00e9l\u00e9ments terroristes rapatri\u00e9s des zones de combats. Il a ajout\u00e9 que le pays est en pourparlers avec des pays \u00ab\u00a0amis\u00a0\u00bb sans sp\u00e9cifier lesquels, pour accueillir cinq autre terroristes, tr\u00e8s prochainement. Il a ajout\u00e9 que la Tunisie \u00e9tait oblig\u00e9e d\u2019accueillir ses ressortissants, conform\u00e9ment \u00e0 ses engagements internationaux.<\/p>\n<div class=\"code-block code-block-1 c3\"><ins class=\"adsbygoogle c2\" data-ad-layout=\"in-article\" data-ad-format=\"fluid\" data-ad-client=\"ca-pub-2102118777505746\" data-ad-slot=\"7301775417\"\/> <\/div>\n<p>Ben Nasr a accus\u00e9 les m\u00e9dias de vouloir terroriser les citoyens avec cette histoire de retour des terroristes, expliquant que la situation est sous contr\u00f4le des autorit\u00e9s tunisiennes et que tous les \u00e9l\u00e9ments qui rentreront en Tunisie seront, imm\u00e9diatement, arr\u00eat\u00e9s. Sauf, a-t-il pr\u00e9cis\u00e9, les enfants de moins de 13 ans.<\/p>\n<div class=\"code-block code-block-2 c3\"><ins class=\"adsbygoogle c2\" data-ad-layout=\"in-article\" data-ad-format=\"fluid\" data-ad-client=\"ca-pub-2102118777505746\" data-ad-slot=\"7301775417\"\/> <\/div>\n<p><strong>Que se passe-t-il en Tunisie?<\/strong><br \/>Nous expliquons sur notre <a href=\"https:\/\/www.youtube.com\/channel\/UCRzypVq0B_yBad5eGrwBx0Q?sub_confirmation=1\" target=\"_blank\" rel=\"noopener noreferrer\">cha\u00eene YouTube<\/a> . <a href=\"https:\/\/www.youtube.com\/channel\/UCRzypVq0B_yBad5eGrwBx0Q?sub_confirmation=1\" target=\"_blank\" rel=\"noopener noreferrer\">Abonnez-vous!<\/a><\/p>\n<div class=\"mvp-org-wrap mvp-org-logo\" itemprop=\"publisher\" itemscope=\"\" itemtype=\"https:\/\/schema.org\/Organization\"><img decoding=\"async\" src=\"https:\/\/www.tunisienumerique.com\/wp-content\/uploads\/2017\/02\/logo_tunisie_numerique.png\"\/><\/div>\n<div class=\"swp_social_panel swp_horizontal_panel swp_flat_fresh swp_default_full_color swp_individual_full_color swp_other_full_color scale-100 scale-\" data-min-width=\"1100\" data-float-color=\"#ffffff\" data-float=\"none\" data-float-mobile=\"none\" data-transition=\"slide\">\n<div class=\"nc_tweetContainer swp_share_button total_shares total_sharesalt\"><span class=\"swp_count\">113 <span class=\"swp_label\">Partages<\/span><\/span><\/div>\n<\/div>\n<div class=\"mvp-related-posts left relative\">\n<h4 class=\"post-header\"><span class=\"post-header\">Lire aussi<\/span><\/h4>\n<\/div>\n<\/div>\n<p>Auteur: LM<br \/>\n<a href=\"https:\/\/www.tunisienumerique.com\/la-tunisie-a-receptionne-quatre-terroristes-de-retour-des-zones-de-combats-et-attend-larrivee-de-cinq-autres\/\">Cliquez ici pour lire l&rsquo;article depuis sa source.<\/a><\/p>\n","protected":false},"excerpt":{"rendered":"<p>113 Partages Le pr\u00e9sident de la commission nationale de lutte contre le terrorisme, Mokhtar Ben Nasr a confirm\u00e9 que la Tunisie a r\u00e9ceptionn\u00e9e, ces derniers jours, quatre \u00e9l\u00e9ments terroristes rapatri\u00e9s des zones de combats. Il a ajout\u00e9 que le pays est en pourparlers avec des pays \u00ab\u00a0amis\u00a0\u00bb sans sp\u00e9cifier lesquels, pour accueillir cinq autre terroristes, [&hellip;]<\/p>\n","protected":false},"author":1789,"featured_media":67982,"comment_status":"closed","ping_status":"closed","sticky":false,"template":"","format":"standard","meta":{"fifu_image_url":"","fifu_image_alt":"","footnotes":""},"categories":[73,55],"tags":[],"class_list":["post-67981","post","type-post","status-publish","format-standard","has-post-thumbnail","hentry","category-actualite","category-tunisie"],"_links":{"self":[{"href":"https:\/\/linitiative.ca\/International\/wp-json\/wp\/v2\/posts\/67981","targetHints":{"allow":["GET"]}}],"collection":[{"href":"https:\/\/linitiative.ca\/International\/wp-json\/wp\/v2\/posts"}],"about":[{"href":"https:\/\/linitiative.ca\/International\/wp-json\/wp\/v2\/types\/post"}],"author":[{"embeddable":true,"href":"https:\/\/linitiative.ca\/International\/wp-json\/wp\/v2\/users\/1789"}],"replies":[{"embeddable":true,"href":"https:\/\/linitiative.ca\/International\/wp-json\/wp\/v2\/comments?post=67981"}],"version-history":[{"count":0,"href":"https:\/\/linitiative.ca\/International\/wp-json\/wp\/v2\/posts\/67981\/revisions"}],"wp:featuredmedia":[{"embeddable":true,"href":"https:\/\/linitiative.ca\/International\/wp-json\/"}],"wp:attachment":[{"href":"https:\/\/linitiative.ca\/International\/wp-json\/wp\/v2\/media?parent=67981"}],"wp:term":[{"taxonomy":"category","embeddable":true,"href":"https:\/\/linitiative.ca\/International\/wp-json\/wp\/v2\/categories?post=67981"},{"taxonomy":"post_tag","embeddable":true,"href":"https:\/\/linitiative.ca\/International\/wp-json\/wp\/v2\/tags?post=67981"}],"curies":[{"name":"wp","href":"https:\/\/api.w.org\/{rel}","templated":true}]}}