{"id":67985,"date":"2019-11-19T16:19:59","date_gmt":"2019-11-19T21:19:59","guid":{"rendered":"https:\/\/linitiative.ca\/International\/tunisie-la-drole-de-logique-dennahdha-pour-le-choix-des-competences\/"},"modified":"2019-11-19T16:19:59","modified_gmt":"2019-11-19T21:19:59","slug":"tunisie-la-drole-de-logique-dennahdha-pour-le-choix-des-competences","status":"publish","type":"post","link":"https:\/\/linitiative.ca\/International\/tunisie-la-drole-de-logique-dennahdha-pour-le-choix-des-competences\/","title":{"rendered":"Tunisie \u2013 La dr\u00f4le de logique d\u2019Ennahdha pour le choix des comp\u00e9tences\u00a0"},"content":{"rendered":"<div class=\"post-cont-in left relative\">\n<div class=\"swp_social_panel swp_horizontal_panel swp_flat_fresh swp_default_full_color swp_individual_full_color swp_other_full_color scale-100 scale-\" data-min-width=\"1100\" data-float-color=\"#ffffff\" data-float=\"none\" data-float-mobile=\"none\" data-transition=\"slide\">\n<div class=\"nc_tweetContainer swp_share_button total_shares total_sharesalt\"><span class=\"swp_count\">27 <span class=\"swp_label\">Partages<\/span><\/span><\/div>\n<\/div>\n<p>Le membre du conseil de La Choura d\u2019Ennahdha, Mondher Lounissi a assur\u00e9 aux m\u00e9dias que le choix du conseil s\u2019\u00e9tait fix\u00e9 sur la personne de Habib Jemli, lors du vote pour la s\u00e9lection de la personnalit\u00e9 \u00e0 charger de la formation du prochain gouvernement.<\/p>\n<div class=\"code-block code-block-1 c3\"><ins class=\"adsbygoogle c2\" data-ad-layout=\"in-article\" data-ad-format=\"fluid\" data-ad-client=\"ca-pub-2102118777505746\" data-ad-slot=\"7301775417\"\/> <\/div>\n<p>Il a d\u00e9voil\u00e9 que Habib Jemli a \u00e9t\u00e9 propos\u00e9 au vote du conseil de la Choura en compagnie d\u2019autres candidats et est arriv\u00e9 en t\u00eate des votes. Il \u00e9tait suivi par Mongi Marzouk, puis en troisi\u00e8me position par\u00a0 Habib Kchaou et en derni\u00e8re position par Ridha Ben Mosbah.<\/p>\n<div class=\"code-block code-block-2 c3\"><ins class=\"adsbygoogle c2\" data-ad-layout=\"in-article\" data-ad-format=\"fluid\" data-ad-client=\"ca-pub-2102118777505746\" data-ad-slot=\"7301775417\"\/> <\/div>\n<p>Sachant qu\u2019Ennahdha savait et l\u2019avait d\u00e9clar\u00e9, que la conjoncture critique actuelle du pays dictait le choix d\u2019une comp\u00e9tence, surtout en mati\u00e8re d\u2019\u00e9conomie et de capacit\u00e9\u00a0\u00e0 g\u00e9rer les \u00e9quipes, On ne peut que s\u2019\u00e9tonner du classement des candidats apr\u00e8s le vote de la Choura. Un vote qui en dit long sur la dr\u00f4le de logique des membres du conseil dans la compr\u00e9hension du\u00a0sens de la comp\u00e9tence\u00a0et du choix des crit\u00e8res.<\/p>\n<p>En effet, le candidat qui a recueilli le moins de voix, Ridha Ben Mosbah a fait l\u2019\u00e9cole des mines de Paris et a eu une longue exp\u00e9rience aussi bien gouvernementale que dans le priv\u00e9. Il est tr\u00e8s comp\u00e9tent en \u00e9conomie, et a une connaissance profonde de l\u2019administration tunisienne, ses forces et ses faiblesses.<\/p>\n<p>Le candidat arriv\u00e9 en seconde position est un polytechnicien qui a, plus ou moins fait \u00e9cole dans l\u2019administration tunisienne, en occupant le poste de ministre des Technologies.<\/p>\n<p>Alors que l\u2019heureux \u00e9lu qui a recueilli les votes de la majorit\u00e9 de ces \u00e9minences du conseil de la Choura est dipl\u00f4m\u00e9, parait-il d\u2019une \u00e9cole de formation professionnelle en agronomie, ayant suivi quelques formations de perfectionnement dans sa sp\u00e9cialit\u00e9, sans qu\u2019on lui connaisse une connaissance particuli\u00e8re des affaires \u00e9conomiques. La seule ligne sur son CV \u00e9tait sa nomination par Ennahdha, lors du r\u00e8gne de la Tro\u00efka au poste de Secr\u00e9taire d\u2019Etat de l\u2019agriculture.<\/p>\n<p>En regardant les CV des candidats et les r\u00e9sultats du vote, on ne peut que se demander sur la base de quelle logique, le vote a-t-il \u00e9t\u00e9 fait et quels crit\u00e8res en rapport avec la comp\u00e9tence ont pris en compte les membres de la Choura d\u2019Ennahdha\u00a0?<\/p>\n<p><strong>Que se passe-t-il en Tunisie?<\/strong><br \/>Nous expliquons sur notre <a href=\"https:\/\/www.youtube.com\/channel\/UCRzypVq0B_yBad5eGrwBx0Q?sub_confirmation=1\" target=\"_blank\" rel=\"noopener noreferrer\">cha\u00eene YouTube<\/a> . <a href=\"https:\/\/www.youtube.com\/channel\/UCRzypVq0B_yBad5eGrwBx0Q?sub_confirmation=1\" target=\"_blank\" rel=\"noopener noreferrer\">Abonnez-vous!<\/a><\/p>\n<div class=\"mvp-org-wrap mvp-org-logo\" itemprop=\"publisher\" itemscope=\"\" itemtype=\"https:\/\/schema.org\/Organization\"><img decoding=\"async\" src=\"https:\/\/www.tunisienumerique.com\/wp-content\/uploads\/2017\/02\/logo_tunisie_numerique.png\"\/><\/div>\n<div class=\"swp_social_panel swp_horizontal_panel swp_flat_fresh swp_default_full_color swp_individual_full_color swp_other_full_color scale-100 scale-\" data-min-width=\"1100\" data-float-color=\"#ffffff\" data-float=\"none\" data-float-mobile=\"none\" data-transition=\"slide\">\n<div class=\"nc_tweetContainer swp_share_button total_shares total_sharesalt\"><span class=\"swp_count\">27 <span class=\"swp_label\">Partages<\/span><\/span><\/div>\n<\/div>\n<div class=\"mvp-related-posts left relative\">\n<h4 class=\"post-header\"><span class=\"post-header\">Lire aussi<\/span><\/h4>\n<\/div>\n<\/div>\n<p>Auteur: Ramsis<br \/>\n<a href=\"https:\/\/www.tunisienumerique.com\/tunisie-la-drole-de-logique-dennahdha-pour-le-choix-des-competences\/\">Cliquez ici pour lire l&rsquo;article depuis sa source.<\/a><\/p>\n","protected":false},"excerpt":{"rendered":"<p>27 Partages Le membre du conseil de La Choura d\u2019Ennahdha, Mondher Lounissi a assur\u00e9 aux m\u00e9dias que le choix du conseil s\u2019\u00e9tait fix\u00e9 sur la personne de Habib Jemli, lors du vote pour la s\u00e9lection de la personnalit\u00e9 \u00e0 charger de la formation du prochain gouvernement. Il a d\u00e9voil\u00e9 que Habib Jemli a \u00e9t\u00e9 propos\u00e9 [&hellip;]<\/p>\n","protected":false},"author":1789,"featured_media":67986,"comment_status":"closed","ping_status":"closed","sticky":false,"template":"","format":"standard","meta":{"fifu_image_url":"","fifu_image_alt":"","footnotes":""},"categories":[73,55],"tags":[],"class_list":["post-67985","post","type-post","status-publish","format-standard","has-post-thumbnail","hentry","category-actualite","category-tunisie"],"_links":{"self":[{"href":"https:\/\/linitiative.ca\/International\/wp-json\/wp\/v2\/posts\/67985","targetHints":{"allow":["GET"]}}],"collection":[{"href":"https:\/\/linitiative.ca\/International\/wp-json\/wp\/v2\/posts"}],"about":[{"href":"https:\/\/linitiative.ca\/International\/wp-json\/wp\/v2\/types\/post"}],"author":[{"embeddable":true,"href":"https:\/\/linitiative.ca\/International\/wp-json\/wp\/v2\/users\/1789"}],"replies":[{"embeddable":true,"href":"https:\/\/linitiative.ca\/International\/wp-json\/wp\/v2\/comments?post=67985"}],"version-history":[{"count":0,"href":"https:\/\/linitiative.ca\/International\/wp-json\/wp\/v2\/posts\/67985\/revisions"}],"wp:featuredmedia":[{"embeddable":true,"href":"https:\/\/linitiative.ca\/International\/wp-json\/"}],"wp:attachment":[{"href":"https:\/\/linitiative.ca\/International\/wp-json\/wp\/v2\/media?parent=67985"}],"wp:term":[{"taxonomy":"category","embeddable":true,"href":"https:\/\/linitiative.ca\/International\/wp-json\/wp\/v2\/categories?post=67985"},{"taxonomy":"post_tag","embeddable":true,"href":"https:\/\/linitiative.ca\/International\/wp-json\/wp\/v2\/tags?post=67985"}],"curies":[{"name":"wp","href":"https:\/\/api.w.org\/{rel}","templated":true}]}}