{"id":67987,"date":"2019-11-19T16:36:49","date_gmt":"2019-11-19T21:36:49","guid":{"rendered":"https:\/\/linitiative.ca\/International\/tunisie-videole-president-kais-saied-se-rend-au-centre-des-grands-brules-pour-rendre-visite-aux-agents-de-la-protection-civile-brules-a-ras-jedir\/"},"modified":"2019-11-19T16:36:49","modified_gmt":"2019-11-19T21:36:49","slug":"tunisie-videole-president-kais-saied-se-rend-au-centre-des-grands-brules-pour-rendre-visite-aux-agents-de-la-protection-civile-brules-a-ras-jedir","status":"publish","type":"post","link":"https:\/\/linitiative.ca\/International\/tunisie-videole-president-kais-saied-se-rend-au-centre-des-grands-brules-pour-rendre-visite-aux-agents-de-la-protection-civile-brules-a-ras-jedir\/","title":{"rendered":"Tunisie \u2013 VIDEO:Le pr\u00e9sident Ka\u00efs Sa\u00efed se rend au centre des grands br\u00fbl\u00e9s pour rendre visite aux agents de la protection civile br\u00fbl\u00e9s \u00e0 Ras Jedir"},"content":{"rendered":"<div class=\"post-cont-in left relative\">\n<div class=\"swp_social_panel swp_horizontal_panel swp_flat_fresh swp_default_full_color swp_individual_full_color swp_other_full_color scale-100 scale-\" data-min-width=\"1100\" data-float-color=\"#ffffff\" data-float=\"none\" data-float-mobile=\"none\" data-transition=\"slide\">\n<div class=\"nc_tweetContainer swp_share_button total_shares total_sharesalt\"><span class=\"swp_count\">5 <span class=\"swp_label\">Partages<\/span><\/span><\/div>\n<\/div>\n<p>Le pr\u00e9sident de la R\u00e9publique s\u2019est rendu, ce mardi soir, au centre des grands br\u00fbl\u00e9s de Ben Arous, pour s\u2019enqu\u00e9rir de l\u2019\u00e9tat de sant\u00e9 des agents de la protection civile qui ont \u00e9t\u00e9 gravement br\u00fbl\u00e9s, ce matin, dans l\u2019explosion du r\u00e9servoir d\u2019essence d\u2019une voiture \u00e0 Ras Jedir.<\/p>\n<div class=\"code-block code-block-1 c3\"><ins class=\"adsbygoogle c2\" data-ad-layout=\"in-article\" data-ad-format=\"fluid\" data-ad-client=\"ca-pub-2102118777505746\" data-ad-slot=\"7301775417\"\/> <\/div>\n<p>Apr\u00e8s avoir \u00e9t\u00e9 stabilis\u00e9s \u00e0 l\u2019h\u00f4pital de M\u00e9denine, les agents ont \u00e9t\u00e9 transport\u00e9s par h\u00e9licopt\u00e8re\u00a0au centre sp\u00e9cialis\u00e9\u00a0de Ben Arous.<br \/><iframe loading=\"lazy\" class=\"c4\" src=\"https:\/\/www.facebook.com\/plugins\/video.php?href=https%3A%2F%2Fwww.facebook.com%2FKaisSaiedfanpage%2Fvideos%2F425724751650912%2F&#038;show_text=0&#038;width=560\" width=\"560\" height=\"315\" frameborder=\"0\" scrolling=\"no\" allowfullscreen=\"allowfullscreen\">[embedded content]<\/iframe><\/p>\n<div class=\"code-block code-block-2 c3\"><ins class=\"adsbygoogle c2\" data-ad-layout=\"in-article\" data-ad-format=\"fluid\" data-ad-client=\"ca-pub-2102118777505746\" data-ad-slot=\"7301775417\"\/> <\/div>\n<p><strong>Que se passe-t-il en Tunisie?<\/strong><br \/>Nous expliquons sur notre <a href=\"https:\/\/www.youtube.com\/channel\/UCRzypVq0B_yBad5eGrwBx0Q?sub_confirmation=1\" target=\"_blank\" rel=\"noopener noreferrer\">cha\u00eene YouTube<\/a> . <a href=\"https:\/\/www.youtube.com\/channel\/UCRzypVq0B_yBad5eGrwBx0Q?sub_confirmation=1\" target=\"_blank\" rel=\"noopener noreferrer\">Abonnez-vous!<\/a><\/p>\n<div class=\"mvp-org-wrap mvp-org-logo\" itemprop=\"publisher\" itemscope=\"\" itemtype=\"https:\/\/schema.org\/Organization\"><img decoding=\"async\" src=\"https:\/\/www.tunisienumerique.com\/wp-content\/uploads\/2017\/02\/logo_tunisie_numerique.png\"\/><\/div>\n<div class=\"swp_social_panel swp_horizontal_panel swp_flat_fresh swp_default_full_color swp_individual_full_color swp_other_full_color scale-100 scale-\" data-min-width=\"1100\" data-float-color=\"#ffffff\" data-float=\"none\" data-float-mobile=\"none\" data-transition=\"slide\">\n<div class=\"nc_tweetContainer swp_share_button total_shares total_sharesalt\"><span class=\"swp_count\">5 <span class=\"swp_label\">Partages<\/span><\/span><\/div>\n<\/div>\n<div class=\"mvp-related-posts left relative\">\n<h4 class=\"post-header\"><span class=\"post-header\">Lire aussi<\/span><\/h4>\n<\/div>\n<\/div>\n<p>Auteur: LM<br \/>\n<a href=\"https:\/\/www.tunisienumerique.com\/tunisie-videole-president-kais-saied-se-rend-au-centre-des-grands-brules-pour-rendre-visite-aux-agents-de-la-protection-civile-brules-a-ras-jedir\/\">Cliquez ici pour lire l&rsquo;article depuis sa source.<\/a><\/p>\n","protected":false},"excerpt":{"rendered":"<p>5 Partages Le pr\u00e9sident de la R\u00e9publique s\u2019est rendu, ce mardi soir, au centre des grands br\u00fbl\u00e9s de Ben Arous, pour s\u2019enqu\u00e9rir de l\u2019\u00e9tat de sant\u00e9 des agents de la protection civile qui ont \u00e9t\u00e9 gravement br\u00fbl\u00e9s, ce matin, dans l\u2019explosion du r\u00e9servoir d\u2019essence d\u2019une voiture \u00e0 Ras Jedir. Apr\u00e8s avoir \u00e9t\u00e9 stabilis\u00e9s \u00e0 l\u2019h\u00f4pital [&hellip;]<\/p>\n","protected":false},"author":1789,"featured_media":67988,"comment_status":"closed","ping_status":"closed","sticky":false,"template":"","format":"standard","meta":{"fifu_image_url":"","fifu_image_alt":"","footnotes":""},"categories":[73,55],"tags":[],"class_list":["post-67987","post","type-post","status-publish","format-standard","has-post-thumbnail","hentry","category-actualite","category-tunisie"],"_links":{"self":[{"href":"https:\/\/linitiative.ca\/International\/wp-json\/wp\/v2\/posts\/67987","targetHints":{"allow":["GET"]}}],"collection":[{"href":"https:\/\/linitiative.ca\/International\/wp-json\/wp\/v2\/posts"}],"about":[{"href":"https:\/\/linitiative.ca\/International\/wp-json\/wp\/v2\/types\/post"}],"author":[{"embeddable":true,"href":"https:\/\/linitiative.ca\/International\/wp-json\/wp\/v2\/users\/1789"}],"replies":[{"embeddable":true,"href":"https:\/\/linitiative.ca\/International\/wp-json\/wp\/v2\/comments?post=67987"}],"version-history":[{"count":0,"href":"https:\/\/linitiative.ca\/International\/wp-json\/wp\/v2\/posts\/67987\/revisions"}],"wp:featuredmedia":[{"embeddable":true,"href":"https:\/\/linitiative.ca\/International\/wp-json\/"}],"wp:attachment":[{"href":"https:\/\/linitiative.ca\/International\/wp-json\/wp\/v2\/media?parent=67987"}],"wp:term":[{"taxonomy":"category","embeddable":true,"href":"https:\/\/linitiative.ca\/International\/wp-json\/wp\/v2\/categories?post=67987"},{"taxonomy":"post_tag","embeddable":true,"href":"https:\/\/linitiative.ca\/International\/wp-json\/wp\/v2\/tags?post=67987"}],"curies":[{"name":"wp","href":"https:\/\/api.w.org\/{rel}","templated":true}]}}