{"id":67991,"date":"2019-11-19T17:25:10","date_gmt":"2019-11-19T22:25:10","guid":{"rendered":"https:\/\/linitiative.ca\/International\/menaces-securitaires-sur-la-tenue-des-elections-2020-pas-de-bonus-pour-roch-kabore-eddie-komboigo\/"},"modified":"2019-11-19T17:25:10","modified_gmt":"2019-11-19T22:25:10","slug":"menaces-securitaires-sur-la-tenue-des-elections-2020-pas-de-bonus-pour-roch-kabore-eddie-komboigo","status":"publish","type":"post","link":"https:\/\/linitiative.ca\/International\/menaces-securitaires-sur-la-tenue-des-elections-2020-pas-de-bonus-pour-roch-kabore-eddie-komboigo\/","title":{"rendered":"Menaces s\u00e9curitaires sur la tenue des \u00e9lections 2020  : \u00ab pas de bonus pour Roch Kabor\u00e9 \u00bb, Eddie Kombo\u00efgo"},"content":{"rendered":"<div class=\"td-post-featured-image\"><a href=\"https:\/\/i0.wp.com\/www.sidwaya.info\/wp-content\/uploads\/2019\/11\/1-45.jpg?fit=595%2C446&#038;ssl=1\" data-caption=\"\"><img loading=\"lazy\" decoding=\"async\" width=\"595\" height=\"446\" class=\"entry-thumb td-modal-image\" src=\"https:\/\/i0.wp.com\/www.sidwaya.info\/wp-content\/uploads\/2019\/11\/1-45.jpg?resize=595%2C446&#038;ssl=1\" srcset=\"https:\/\/i0.wp.com\/www.sidwaya.info\/wp-content\/uploads\/2019\/11\/1-45.jpg?w=595&#038;ssl=1 595w, https:\/\/i0.wp.com\/www.sidwaya.info\/wp-content\/uploads\/2019\/11\/1-45.jpg?resize=300%2C225&#038;ssl=1 300w, https:\/\/i0.wp.com\/www.sidwaya.info\/wp-content\/uploads\/2019\/11\/1-45.jpg?resize=560%2C420&#038;ssl=1 560w, https:\/\/i0.wp.com\/www.sidwaya.info\/wp-content\/uploads\/2019\/11\/1-45.jpg?resize=80%2C60&#038;ssl=1 80w, https:\/\/i0.wp.com\/www.sidwaya.info\/wp-content\/uploads\/2019\/11\/1-45.jpg?resize=265%2C198&#038;ssl=1 265w\" sizes=\"auto, (max-width: 595px) 100vw, 595px\" alt=\"\" title=\"1\"\/><\/a><\/div>\n<p><strong>Le pr\u00e9sident du Congr\u00e8s pour la d\u00e9mocratie et le progr\u00e8s (CDP), Eddie Kombo\u00efgo et celui du Parti national des d\u00e9mocrates sociaux (PNDS), Yumanli Lompo, ont anim\u00e9 le \u00ab mardi du CFOP \u00bb du 19 novembre 2019 au cours duquel ils ont lou\u00e9 les exploits des Forces de d\u00e9fense et de s\u00e9curit\u00e9 et d\u00e9nonc\u00e9 la f\u00e9brilit\u00e9 du pouvoir en place dont ils ont rappel\u00e9 la responsabilit\u00e9 d\u2019organiser \u00e0 bonne date les prochaines \u00e9ch\u00e9ances \u00e9lectorales.<\/strong><\/p>\n<p>Apr\u00e8s quelques semaines de suspension, le Chef de file de l\u2019opposition politique (CFOP) a repris son point de presse hebdomadaire sur la situation nationale le mardi 19 novembre 2019. D\u00e8s l\u2019entame de leur communication, les conf\u00e9renciers du jour, le pr\u00e9sident du Congr\u00e8s pour la d\u00e9mocratie et le progr\u00e8s (CDP), Eddie Kombo\u00efgo et celui du Parti national des d\u00e9mocrates sociaux (PNDS), Yumanli Lompo, ont lou\u00e9 l\u2019h\u00e9ro\u00efsme des Forces de d\u00e9fense et de s\u00e9curit\u00e9 (FDS) qu\u2019ils ont encourag\u00e9s \u00e0 aller de l\u2019avant afin de ramener la paix et la qui\u00e9tude au Burkina Faso. Ils ont dans le m\u00eame temps, d\u00e9plor\u00e9 le manque de leadership politique et de gouvernance vertueuse des autorit\u00e9s qui ne dotent pas les FDS de mat\u00e9riel de combat ad\u00e9quat. Les repr\u00e9sentants du CFOP ont aussi d\u00e9nonc\u00e9 une mauvaise gestion des fonds allou\u00e9s \u00e0 l\u2019arm\u00e9e nationale. \u00ab Nous demandons solennellement au gouvernement la lev\u00e9e du secret-d\u00e9fense sur le contr\u00f4le du budget de l\u2019arm\u00e9e \u00bb, ont-ils indiqu\u00e9. L\u2019opposition politique n\u2019entend pas non plus permettre une prolongation du mandat du pr\u00e9sident Kabor\u00e9 sous le pr\u00e9texte de l\u2019ins\u00e9curit\u00e9. \u00ab Si les terroristes arrivent \u00e0 emp\u00eacher que le Burkina Faso tienne \u00e0 bonne date ses \u00e9lections, ils auraient arrach\u00e9 une nette victoire\u00bb, a d\u00e9clar\u00e9 Eddie Kombo\u00efgo.<\/p>\n<p>Le CFOP a \u00e9galement d\u00e9nonc\u00e9 les discours des responsables du parti au pouvoir, tendant \u00e0 indexer des personnes connues d\u2019eux comme les auteurs des attaques terroristes. La suspension du Front patriotique pour le renouveau (FPR), les \u00ab arrestations arbitraires \u00bb sont d\u2019autres signes que l\u2019opposition politique attribue \u00e0 la f\u00e9brilit\u00e9 des autorit\u00e9s. Peut-on raisonnablement tenir les \u00e9lections si des zones du pays restent inaccessibles ? Quelle est la position du CFOP vis-\u00e0-vis du sentiment anti-fran\u00e7ais grandissant dans la sous-r\u00e9gion en proie au terrorisme ? A ces diff\u00e9rentes questions, les conf\u00e9renciers ont insist\u00e9 sur la responsabilit\u00e9 des autorit\u00e9s de trouver des solutions pour l\u2019organisation effective des \u00e9lections, conform\u00e9ment aux conclusions du dialogue politique. Bien que se d\u00e9clarant consciente de l\u2019impossibilit\u00e9 d\u2019aller aux urnes en situation s\u00e9curitaire pr\u00e9caire, l\u2019opposition politique a dit craindre que le pouvoir actuel profite de la situation pour s\u2019offrir un \u00ab lenga \u00bb, c\u2019est-\u00e0-dire un bonus. Quant \u00e0 l\u2019activit\u00e9 des militaires fran\u00e7ais dans la zone sah\u00e9lienne, les conf\u00e9renciers se sont interrog\u00e9s sur la puissance du mat\u00e9riel militaire fran\u00e7ais alors que les activit\u00e9s terroristes demeurent pr\u00e9gnantes, celle du G5-Sahel face aux \u00ab groupuscules \u00bb terroristes. Mais n\u2019\u00e9tant pas assez renseign\u00e9e sur les conventions militaires sign\u00e9es entre la France et les Etats de la sous-r\u00e9gion, qui auraient dues passer par l\u2019Assembl\u00e9e nationale, les conf\u00e9renciers du CFOP n\u2019ont pas voulu donner une position tranch\u00e9e.<\/p>\n<p class=\"c1\"><strong>Fab\u00e9 Mamadou OUATTARA<\/strong><\/p>\n<div class=\"td-a-rec td-a-rec-id-content_bottom tdi_30_6f0 td_block_template_1\"><img loading=\"lazy\" decoding=\"async\" class=\"aligncenter size-full wp-image-9623\" src=\"https:\/\/www.sidwaya.info\/wp-content\/uploads\/2019\/06\/Projet-bannie%CC%80re-Orange-mobile.jpg\" alt=\"\" width=\"728\" height=\"81\"\/><\/div>\n<p>Auteur: DD. Sidwaya<br \/>\n<a href=\"https:\/\/www.sidwaya.info\/blog\/2019\/11\/19\/menaces-securitaires-sur-la-tenue-des-elections-2020-pas-de-bonus-pour-roch-kabore-eddie-komboigo\/\">Cliquez ici pour lire l&rsquo;article depuis sa source.<\/a><\/p>\n","protected":false},"excerpt":{"rendered":"<p>Le pr\u00e9sident du Congr\u00e8s pour la d\u00e9mocratie et le progr\u00e8s (CDP), Eddie Kombo\u00efgo et celui du Parti national des d\u00e9mocrates sociaux (PNDS), Yumanli Lompo, ont anim\u00e9 le \u00ab mardi du CFOP \u00bb du 19 novembre 2019 au cours duquel ils ont lou\u00e9 les exploits des Forces de d\u00e9fense et de s\u00e9curit\u00e9 et d\u00e9nonc\u00e9 la f\u00e9brilit\u00e9 [&hellip;]<\/p>\n","protected":false},"author":1816,"featured_media":0,"comment_status":"closed","ping_status":"closed","sticky":false,"template":"","format":"standard","meta":{"fifu_image_url":"","fifu_image_alt":"","footnotes":""},"categories":[73,81],"tags":[],"class_list":["post-67991","post","type-post","status-publish","format-standard","hentry","category-actualite","category-burkina-faso"],"_links":{"self":[{"href":"https:\/\/linitiative.ca\/International\/wp-json\/wp\/v2\/posts\/67991","targetHints":{"allow":["GET"]}}],"collection":[{"href":"https:\/\/linitiative.ca\/International\/wp-json\/wp\/v2\/posts"}],"about":[{"href":"https:\/\/linitiative.ca\/International\/wp-json\/wp\/v2\/types\/post"}],"author":[{"embeddable":true,"href":"https:\/\/linitiative.ca\/International\/wp-json\/wp\/v2\/users\/1816"}],"replies":[{"embeddable":true,"href":"https:\/\/linitiative.ca\/International\/wp-json\/wp\/v2\/comments?post=67991"}],"version-history":[{"count":0,"href":"https:\/\/linitiative.ca\/International\/wp-json\/wp\/v2\/posts\/67991\/revisions"}],"wp:attachment":[{"href":"https:\/\/linitiative.ca\/International\/wp-json\/wp\/v2\/media?parent=67991"}],"wp:term":[{"taxonomy":"category","embeddable":true,"href":"https:\/\/linitiative.ca\/International\/wp-json\/wp\/v2\/categories?post=67991"},{"taxonomy":"post_tag","embeddable":true,"href":"https:\/\/linitiative.ca\/International\/wp-json\/wp\/v2\/tags?post=67991"}],"curies":[{"name":"wp","href":"https:\/\/api.w.org\/{rel}","templated":true}]}}