{"id":67992,"date":"2019-11-19T17:28:06","date_gmt":"2019-11-19T22:28:06","guid":{"rendered":"https:\/\/linitiative.ca\/International\/niger-les-des-sont-deja-jetes\/"},"modified":"2019-11-19T17:28:06","modified_gmt":"2019-11-19T22:28:06","slug":"niger-les-des-sont-deja-jetes","status":"publish","type":"post","link":"https:\/\/linitiative.ca\/International\/niger-les-des-sont-deja-jetes\/","title":{"rendered":"Niger : Les d\u00e9s sont d\u00e9j\u00e0 jet\u00e9s"},"content":{"rendered":"<div class=\"td-post-featured-image\"><a href=\"https:\/\/i2.wp.com\/www.sidwaya.info\/wp-content\/uploads\/2019\/11\/mercure-2.jpg?fit=709%2C510&#038;ssl=1\" data-caption=\"\"><img loading=\"lazy\" decoding=\"async\" width=\"696\" height=\"501\" class=\"entry-thumb td-modal-image\" src=\"https:\/\/i2.wp.com\/www.sidwaya.info\/wp-content\/uploads\/2019\/11\/mercure-2.jpg?resize=696%2C501&#038;ssl=1\" srcset=\"https:\/\/i2.wp.com\/www.sidwaya.info\/wp-content\/uploads\/2019\/11\/mercure-2.jpg?w=709&#038;ssl=1 709w, https:\/\/i2.wp.com\/www.sidwaya.info\/wp-content\/uploads\/2019\/11\/mercure-2.jpg?resize=300%2C216&#038;ssl=1 300w, https:\/\/i2.wp.com\/www.sidwaya.info\/wp-content\/uploads\/2019\/11\/mercure-2.jpg?resize=696%2C501&#038;ssl=1 696w, https:\/\/i2.wp.com\/www.sidwaya.info\/wp-content\/uploads\/2019\/11\/mercure-2.jpg?resize=584%2C420&#038;ssl=1 584w\" sizes=\"auto, (max-width: 696px) 100vw, 696px\" alt=\"\" title=\"mercure\"\/><\/a><\/div>\n<p>L\u2019opposant nig\u00e9rien, Hama Amadou, a-t-il eu le courage de prendre son destin en main ? Rentr\u00e9 jeudi dans son pays, apr\u00e8s trois ans d\u2019exil en France, l\u2019ancien Premier ministre a r\u00e9pondu \u00e0 la convocation de la brigade de la gendarmerie nationale de Niamey le lundi 18 novembre 2019. Accompagn\u00e9 de son avocat, Me Mossi Boubacar, M. Amadou a \u00e9t\u00e9 incarc\u00e9r\u00e9 \u00e0 la prison de Filingu\u00e9, situ\u00e9e \u00e0 180 km au Nord de Niamey. La m\u00eame ge\u00f4le qui l\u2019avait accueilli durant deux mois avant son \u00e9vacuation sanitaire pour l\u2019Hexagone en 2016. Condamn\u00e9 la m\u00eame ann\u00e9e pour avoir particip\u00e9 \u00e0 un trafic de b\u00e9b\u00e9s qui auraient \u00e9t\u00e9 con\u00e7us au Nigeria puis amen\u00e9s au Niger via le B\u00e9nin, l\u2019ancien pr\u00e9sident de l\u2019Assembl\u00e9e nationale s\u2019est vu oblig\u00e9 de rentrer au pays pour les obs\u00e8ques de sa m\u00e8re, d\u00e9c\u00e9d\u00e9e le 24 octobre 2019. D\u00e8s le jour de son arriv\u00e9e, ses partisans avaient d\u00e9j\u00e0 vendu la m\u00e8che, affirmant qu\u2019il allait se mettre \u00e0 la disposition de la justice de son pays.<\/p>\n<p>Sauf changement de derni\u00e8re minute, il est cens\u00e9 rester huit mois en cellule afin de purger sa peine d\u2019un an de condamnation ferme. Un verdict toujours contest\u00e9 par ses lieutenants qui manifestent leur m\u00e9contentement depuis l\u2019annonce de son retour en prison. Pour eux, ses d\u00e9boires judiciaires ne sont ni plus, ni moins qu\u2019une cabale politique savamment orchestr\u00e9e par le pouvoir en place pour \u00e9carter un adversaire redoutable.<\/p>\n<p>Ils en veulent pour preuve, les r\u00e9sultats de 2016, o\u00f9 entre les deux tours de la pr\u00e9sidentielle, M. Amadou \u00e9tait arriv\u00e9 deuxi\u00e8me sans pouvoir battre campagne en raison de son incarc\u00e9ration. Des voix se l\u00e8vent de plus en plus pour demander au chef de l\u2019Etat, Issoufou Mahamadou, de lui accorder une gr\u00e2ce pr\u00e9sidentielle. Cette piste n\u2019est pas \u00e0 exclure, car les deux hommes se sont entretenus le weekend dernier par t\u00e9l\u00e9phone. M\u00eame si le pr\u00e9sident nig\u00e9rien ayant voulu pr\u00e9senter \u00e0 son ex-compagnon politique ses condol\u00e9ances, cet appel pourrait \u00eatre un point de d\u00e9part pour enterrer la hache de guerre. L\u2019autre note de d\u00e9crispation politique est la visite de la premi\u00e8re Dame, Lalla Malika Issoufou, et du ministre de l\u2019Int\u00e9rieur, Mohamed Bazoum et dauphin d\u00e9sign\u00e9 du pr\u00e9sident nig\u00e9rien pour la pr\u00e9sidentielle 2021, au domicile de Hama Amadou pour lui pr\u00e9senter leurs condol\u00e9ances.<\/p>\n<p>Si le chef de l\u2019Etat venait \u00e0 lui accorder cette faveur, cela aura le m\u00e9rite de d\u00e9crisper l\u2019atmosph\u00e8re politique et de r\u00e9tablir le tissu de la coh\u00e9sion sociale. Mais, il reste \u00e0 savoir s\u2019il sera encore possible pour M. Amadou de pr\u00e9senter sa candidature \u00e0 la pr\u00e9sidentielle, comme le souhaite ses partisans qui l\u2019ont d\u00e9j\u00e0 d\u00e9sign\u00e9 candidat de son parti, le Moden Fa Lumana. Selon les dispositions de l\u2019article 8 du Code \u00e9lectoral nig\u00e9rien r\u00e9vis\u00e9 r\u00e9cemment, pour \u00eatre \u00e9ligible, il faut avoir un casier judiciaire vide. Cela concerne \u00ab les individus condamn\u00e9s d\u00e9finitivement pour un d\u00e9lit \u00e0 une peine d\u2019emprisonnement ferme, \u00e9gale ou sup\u00e9rieure \u00e0 un an \u00bb. C\u2019est donc dire que les d\u00e9s sont jet\u00e9s pour l\u2019ex-pr\u00e9sident de l\u2019Assembl\u00e9e nationale du Niger.<\/p>\n<p class=\"c1\"><strong>Abdoualye BALBONE<\/strong><\/p>\n<div class=\"td-a-rec td-a-rec-id-content_bottom tdi_30_66c td_block_template_1\"><img loading=\"lazy\" decoding=\"async\" class=\"aligncenter size-full wp-image-9623\" src=\"https:\/\/www.sidwaya.info\/wp-content\/uploads\/2019\/06\/Projet-bannie%CC%80re-Orange-mobile.jpg\" alt=\"\" width=\"728\" height=\"81\"\/><\/div>\n<p>Auteur: DD. Sidwaya<br \/>\n<a href=\"https:\/\/www.sidwaya.info\/blog\/2019\/11\/19\/niger-les-des-sont-deja-jetes\/\">Cliquez ici pour lire l&rsquo;article depuis sa source.<\/a><\/p>\n","protected":false},"excerpt":{"rendered":"<p>L\u2019opposant nig\u00e9rien, Hama Amadou, a-t-il eu le courage de prendre son destin en main ? Rentr\u00e9 jeudi dans son pays, apr\u00e8s trois ans d\u2019exil en France, l\u2019ancien Premier ministre a r\u00e9pondu \u00e0 la convocation de la brigade de la gendarmerie nationale de Niamey le lundi 18 novembre 2019. Accompagn\u00e9 de son avocat, Me Mossi Boubacar, [&hellip;]<\/p>\n","protected":false},"author":1816,"featured_media":0,"comment_status":"closed","ping_status":"closed","sticky":false,"template":"","format":"standard","meta":{"fifu_image_url":"","fifu_image_alt":"","footnotes":""},"categories":[73,81],"tags":[],"class_list":["post-67992","post","type-post","status-publish","format-standard","hentry","category-actualite","category-burkina-faso"],"_links":{"self":[{"href":"https:\/\/linitiative.ca\/International\/wp-json\/wp\/v2\/posts\/67992","targetHints":{"allow":["GET"]}}],"collection":[{"href":"https:\/\/linitiative.ca\/International\/wp-json\/wp\/v2\/posts"}],"about":[{"href":"https:\/\/linitiative.ca\/International\/wp-json\/wp\/v2\/types\/post"}],"author":[{"embeddable":true,"href":"https:\/\/linitiative.ca\/International\/wp-json\/wp\/v2\/users\/1816"}],"replies":[{"embeddable":true,"href":"https:\/\/linitiative.ca\/International\/wp-json\/wp\/v2\/comments?post=67992"}],"version-history":[{"count":0,"href":"https:\/\/linitiative.ca\/International\/wp-json\/wp\/v2\/posts\/67992\/revisions"}],"wp:attachment":[{"href":"https:\/\/linitiative.ca\/International\/wp-json\/wp\/v2\/media?parent=67992"}],"wp:term":[{"taxonomy":"category","embeddable":true,"href":"https:\/\/linitiative.ca\/International\/wp-json\/wp\/v2\/categories?post=67992"},{"taxonomy":"post_tag","embeddable":true,"href":"https:\/\/linitiative.ca\/International\/wp-json\/wp\/v2\/tags?post=67992"}],"curies":[{"name":"wp","href":"https:\/\/api.w.org\/{rel}","templated":true}]}}