{"id":67993,"date":"2019-11-19T17:31:11","date_gmt":"2019-11-19T22:31:11","guid":{"rendered":"https:\/\/linitiative.ca\/International\/optima-fm-lemission-biibenoore-suspendue\/"},"modified":"2019-11-19T17:31:11","modified_gmt":"2019-11-19T22:31:11","slug":"optima-fm-lemission-biibenoore-suspendue","status":"publish","type":"post","link":"https:\/\/linitiative.ca\/International\/optima-fm-lemission-biibenoore-suspendue\/","title":{"rendered":"Optima FM : l\u2019\u00e9mission \u00abBiib\u00e9noor\u00e9\u00bb suspendue"},"content":{"rendered":"<div class=\"td-post-featured-image\"><a href=\"https:\/\/i2.wp.com\/www.sidwaya.info\/wp-content\/uploads\/2019\/11\/on-m-2.jpg?fit=787%2C525&#038;ssl=1\" data-caption=\"\"><img loading=\"lazy\" decoding=\"async\" width=\"696\" height=\"464\" class=\"entry-thumb td-modal-image\" src=\"https:\/\/i2.wp.com\/www.sidwaya.info\/wp-content\/uploads\/2019\/11\/on-m-2.jpg?resize=696%2C464&#038;ssl=1\" srcset=\"https:\/\/i2.wp.com\/www.sidwaya.info\/wp-content\/uploads\/2019\/11\/on-m-2.jpg?w=787&#038;ssl=1 787w, https:\/\/i2.wp.com\/www.sidwaya.info\/wp-content\/uploads\/2019\/11\/on-m-2.jpg?resize=300%2C200&#038;ssl=1 300w, https:\/\/i2.wp.com\/www.sidwaya.info\/wp-content\/uploads\/2019\/11\/on-m-2.jpg?resize=768%2C512&#038;ssl=1 768w, https:\/\/i2.wp.com\/www.sidwaya.info\/wp-content\/uploads\/2019\/11\/on-m-2.jpg?resize=696%2C464&#038;ssl=1 696w, https:\/\/i2.wp.com\/www.sidwaya.info\/wp-content\/uploads\/2019\/11\/on-m-2.jpg?resize=630%2C420&#038;ssl=1 630w\" sizes=\"auto, (max-width: 696px) 100vw, 696px\" alt=\"\" title=\"on m\"\/><\/a><\/div>\n<p><strong>Secteur de la sant\u00e9 : des agents en gr\u00e8ve du 20 au 30 novembre<\/strong><br \/>Kantigui a appris que les agents de sant\u00e9 membres du syndicat des m\u00e9decins du Burkina, du syndicat des sages-femmes et ma\u00efeuticiens et accoucheuses du Burkina, du syndicat autonome des infirmiers et infirmi\u00e8res du Burkina et du syndicat des travailleurs de l\u2019administration hospitali\u00e8re et des services de sant\u00e9 observeront \u00e0 partir d\u2019aujourd\u2019hui 20 novembre et ce jusqu\u2019au 30 novembre, une gr\u00e8ve sur toute l\u2019\u00e9tendue du territoire national. Cette mont\u00e9e de fi\u00e8vre est due, selon la correspondance des quatre syndicats signataires du pr\u00e9avis de gr\u00e8ve, \u00e0 une \u00abinertie du minist\u00e8re de la Sant\u00e9\u00bb dans la mise en \u0153uvre de la fonction publique hospitali\u00e8re. Mais pas seulement. La goutte d\u2019eau qui a fait d\u00e9border le vase est la non-r\u00e9gularisation \u00ab des retenues abusives sur les salaires \u00bb. \u00abCelles-ci qui sont cens\u00e9es couvrir la p\u00e9riode du 7 juin au 24 septembre 2019 sont abusives et ont \u00e9t\u00e9 effectu\u00e9es de fa\u00e7on arbitraire dans le but de sanctionner les travailleurs qui r\u00e9clament l\u00e9gitimement de meilleures conditions de vie et de travail \u00bb, a pu lire Kantigui dans le document. Un responsable syndical que Kantigui a pu joindre au t\u00e9l\u00e9phone a confi\u00e9 qu\u2019en octobre 2019, plus de 10000 agents de sant\u00e9 se sont retrouv\u00e9s avec un solde n\u00e9gatif en raison d\u2019une retenue de 55% op\u00e9r\u00e9e sur leur salaire mais aussi \u00e0 cause de leurs engagements vis-\u00e0-vis des banques. Kantigui esp\u00e8re qu\u2019une solution sera trouv\u00e9e dans les meilleurs d\u00e9lais avec le gouvernement afin de sauver des vies en danger.<\/p>\n<p><strong>Il faut traquer ces \u201cterroristes\u201d<\/strong><br \/>Kantigui a ou\u00ef dire que le vendredi 15 novembre 2019, dans un \u00e9tablissement d\u2019une commune rurale de Manga, dans la province du Zoundw\u00e9ogo, des individus mal intentionn\u00e9s ont diffus\u00e9 de fausses informations concernant d\u2019\u00e9ventuelles attaques terroristes contre des \u00e9coles qui refuseraient de fermer. Une affiche comportant des inscriptions en fran\u00e7ais et en arabe, d\u2019une pi\u00e8tre calligraphie et truff\u00e9e d\u2019une myriade de fautes d\u2019orthographe, aurait enjoint un certain nombre d\u2019\u00e9coles de fermer au risque de subir des repr\u00e9sailles. L\u2019information aurait suffi, selon des indiscr\u00e9tions, \u00e0 semer le trouble dans l\u2019esprit des occupants des lieux qui ont m\u00eame envisag\u00e9 un arr\u00eat momentan\u00e9 des cours avant de se raviser. Mais pass\u00e9 l\u2019\u00e9moi, les autorit\u00e9s locales en charge de la s\u00e9curit\u00e9 et desdits \u00e9tablissements sont d\u00e9cid\u00e9es \u00e0 retrouver les auteurs qui, vraisemblablement, se nichent dans le giron des apprenants. A l\u2019image d\u2019autres criminels sans foi ni loi que les autorit\u00e9s ont promis de traquer et punir s\u00e9v\u00e8rement, Kantigui pense que la correction \u00e0 infliger \u00e0 ces oiseaux de mauvais augure doit \u00eatre copieuse et exemplaire.<\/p>\n<p><strong>Optima FM : l\u2019\u00e9mission \u00abBiib\u00e9noor\u00e9\u00bb suspendue<\/strong><br \/>Dans sa qu\u00eate quotidienne de l\u2019information, Kantigui a pris connaissance du contenu d\u2019une d\u00e9cision du Conseil sup\u00e9rieur de la communication (CSC), suspendant pour trois mois ; soit du 18 novembre 2019 au 18 f\u00e9vrier 2020, l\u2019\u00e9mission \u00abBiib\u00e9noor\u00e9\u00bb de la radio \u00abOptima FM\u00bb notamment pour le contenu de ses \u00e9ditions du 5 juillet, du 10 septembre, des 7, 9 et 14 octobre 2019. Il est revenu \u00e0 Kantigui que cette d\u00e9cision fait suite \u00e0 une tentative d\u2019audition \u00ab\u00e0 deux reprises sans succ\u00e8s du promoteur de ladite radio et par ailleurs animateur de l\u2019\u00e9mission en cause\u00bb. L\u2019instance de r\u00e9gulation estime que certains propos de l\u2019animateur de l\u2019\u00e9mission sont de nature \u00abinjurieuse, diffamatoire, s\u00e9ditieuse et constituent une immixtion dans le cours de la justice et jettent un discr\u00e9dit sur des d\u00e9cisions de justice\u00bb et que la majorit\u00e9 des \u00e9missions rel\u00e8vent des attaques verbales m\u00eal\u00e9es d\u2019invectives contre des personnes publiques nomm\u00e9ment d\u00e9sign\u00e9es. En plus de comporter \u00abde nombreuses insuffisances du point de vue de l\u2019\u00e9thique et de la d\u00e9ontologie\u00bb, l\u2019\u00e9mission, selon le CSC, a \u00e9t\u00e9 l\u2019objet de plusieurs avertissements qui ont abouti \u00e0 une suspension d\u2019un mois en juillet 2017 et le promoteur de la radio a fait l\u2019objet d\u2019une lettre de rappel \u00e0 l\u2019ordre, en juillet 2019. \u00ab Ces sanctions sont prononc\u00e9es sans pr\u00e9judices de l\u2019application des dispositions p\u00e9nales contenues dans les textes en vigueur \u00bb, a pu lire Kantigui, en fin de document.<\/p>\n<p><strong>Des passagers d\u00e9pouill\u00e9s de leurs biens par des hommes arm\u00e9s<\/strong><br \/>Il est revenu \u00e0 Kantigui que plusieurs passagers de v\u00e9hicules, commun\u00e9ment appel\u00e9s \u00ab\u00a0d\u00eena\u00a0\u00bb ont \u00e9t\u00e9 spoli\u00e9s de leurs biens par des hommes arm\u00e9s non identifi\u00e9s, lundi, aux environs de Kabonga, dans la zone foresti\u00e8re, situ\u00e9e entre Fada N\u2019Gourma et Pama. Les m\u00eames sources ont confi\u00e9 que les malfaiteurs ont proc\u00e9d\u00e9 \u00e0 des v\u00e9rifications d\u2019identit\u00e9 avant d\u2019autoriser la reprise du trafic. Par ailleurs, a-t-on souffl\u00e9 \u00e0 Kantigui, les exactions des bandes arm\u00e9es sont r\u00e9currentes ces temps-ci sur l\u2019axe Fada N\u2019Gourma-Pama. D\u2019autres sources locales assimilent ces actes \u00e0 des op\u00e9rations de braquage. Celles-ci sont convaincues, par contre, qu\u2019au regard du mode op\u00e9ratoire des bandes arm\u00e9es, il existe une connexion \u00e9troite entre les groupes terroristes qui op\u00e8rent dans la zone et les bandits de grand chemin.<\/p>\n<p class=\"c1\"><strong>Kantigui<\/strong><br \/><strong>kantigui2000@gmail.com<\/strong><br \/><strong>(00226) 25 31 22 89<\/strong><\/p>\n<div class=\"td-a-rec td-a-rec-id-content_bottom tdi_30_674 td_block_template_1\"><img loading=\"lazy\" decoding=\"async\" class=\"aligncenter size-full wp-image-9623\" src=\"https:\/\/www.sidwaya.info\/wp-content\/uploads\/2019\/06\/Projet-bannie%CC%80re-Orange-mobile.jpg\" alt=\"\" width=\"728\" height=\"81\"\/><\/div>\n<p>Auteur: DD. Sidwaya<br \/>\n<a href=\"https:\/\/www.sidwaya.info\/blog\/2019\/11\/19\/optima-fm-lemission-biibenoore-suspendue\/\">Cliquez ici pour lire l&rsquo;article depuis sa source.<\/a><\/p>\n","protected":false},"excerpt":{"rendered":"<p>Secteur de la sant\u00e9 : des agents en gr\u00e8ve du 20 au 30 novembreKantigui a appris que les agents de sant\u00e9 membres du syndicat des m\u00e9decins du Burkina, du syndicat des sages-femmes et ma\u00efeuticiens et accoucheuses du Burkina, du syndicat autonome des infirmiers et infirmi\u00e8res du Burkina et du syndicat des travailleurs de l\u2019administration hospitali\u00e8re [&hellip;]<\/p>\n","protected":false},"author":1816,"featured_media":0,"comment_status":"closed","ping_status":"closed","sticky":false,"template":"","format":"standard","meta":{"fifu_image_url":"","fifu_image_alt":"","footnotes":""},"categories":[73,81],"tags":[],"class_list":["post-67993","post","type-post","status-publish","format-standard","hentry","category-actualite","category-burkina-faso"],"_links":{"self":[{"href":"https:\/\/linitiative.ca\/International\/wp-json\/wp\/v2\/posts\/67993","targetHints":{"allow":["GET"]}}],"collection":[{"href":"https:\/\/linitiative.ca\/International\/wp-json\/wp\/v2\/posts"}],"about":[{"href":"https:\/\/linitiative.ca\/International\/wp-json\/wp\/v2\/types\/post"}],"author":[{"embeddable":true,"href":"https:\/\/linitiative.ca\/International\/wp-json\/wp\/v2\/users\/1816"}],"replies":[{"embeddable":true,"href":"https:\/\/linitiative.ca\/International\/wp-json\/wp\/v2\/comments?post=67993"}],"version-history":[{"count":0,"href":"https:\/\/linitiative.ca\/International\/wp-json\/wp\/v2\/posts\/67993\/revisions"}],"wp:attachment":[{"href":"https:\/\/linitiative.ca\/International\/wp-json\/wp\/v2\/media?parent=67993"}],"wp:term":[{"taxonomy":"category","embeddable":true,"href":"https:\/\/linitiative.ca\/International\/wp-json\/wp\/v2\/categories?post=67993"},{"taxonomy":"post_tag","embeddable":true,"href":"https:\/\/linitiative.ca\/International\/wp-json\/wp\/v2\/tags?post=67993"}],"curies":[{"name":"wp","href":"https:\/\/api.w.org\/{rel}","templated":true}]}}