{"id":67994,"date":"2019-11-19T14:50:03","date_gmt":"2019-11-19T19:50:03","guid":{"rendered":"https:\/\/linitiative.ca\/International\/destitution-de-trump-un-militaire-anime-par-le-sens-du-devoir-en-temoin-cle\/"},"modified":"2019-11-19T14:50:03","modified_gmt":"2019-11-19T19:50:03","slug":"destitution-de-trump-un-militaire-anime-par-le-sens-du-devoir-en-temoin-cle","status":"publish","type":"post","link":"https:\/\/linitiative.ca\/International\/destitution-de-trump-un-militaire-anime-par-le-sens-du-devoir-en-temoin-cle\/","title":{"rendered":"Destitution de Trump: un militaire anim\u00e9 par \u00ab\u00a0le sens du devoir\u00a0\u00bb en t\u00e9moin cl\u00e9"},"content":{"rendered":"<div readability=\"32\">\n<p>Publi\u00e9 le 19.11.2019 \u00e0 20h50 par AFP<\/p>\n<\/div>\n<div readability=\"134\">\n<p>N\u00e9 \u00e0 Kiev, arriv\u00e9 aux Etats-Unis \u00e0 l\u2019\u00e2ge de trois ans, engag\u00e9 dans l\u2019arm\u00e9e am\u00e9ricaine puis au service de la Maison Blanche, le lieutenant-colonel Alexander Vindman est aujourd\u2019hui l\u2019un des principaux t\u00e9moins dans l\u2019enqu\u00eate en destitution contre Donald Trump.<\/p>\n<p>Mardi, il est venu en uniforme expliquer au Congr\u00e8s pourquoi il avait saisi les juristes de la pr\u00e9sidence, apr\u00e8s avoir entendu Donald Trump demander \u00e0 son homologue ukrainien d\u2019enqu\u00eater sur un de ses rivaux.<\/p>\n<p>\u00ab\u00a0Je l\u2019ai fait par sens du devoir\u00a0\u00bb, a d\u00e9clar\u00e9 M. Vindman, 44 ans dont plus de 20 ans dans l\u2019arm\u00e9e am\u00e9ricaine.<\/p>\n<p>\u00ab\u00a0C\u2019est inappropri\u00e9 pour un pr\u00e9sident des Etats-Unis de demander \u00e0 un gouvernement \u00e9tranger d\u2019enqu\u00eater sur un de ses opposants\u00a0\u00bb, a-t-il poursuivi, en assurant avec une discipline toute militaire avoir agi en respectant sa \u00ab\u00a0cha\u00eene de commandement\u00a0\u00bb.<\/p>\n<p>Malgr\u00e9 ses faits d\u2019armes et ses m\u00e9dailles, les \u00e9lus r\u00e9publicains ont cherch\u00e9 \u00e0 att\u00e9nuer la port\u00e9e de son t\u00e9moignage en mettant en doute sa loyaut\u00e9.<\/p>\n<p>Lundi, un s\u00e9nateur r\u00e9publicain impliqu\u00e9 dans le dossier ukrainien avait d\u00e9coch\u00e9 de premi\u00e8res fl\u00e8ches: \u00ab\u00a0un grand nombre de bureaucrates n\u2019ont jamais jug\u00e9 Trump l\u00e9gitime (\u2026) et participent au sabotage de ses politiques et aux efforts pour le destituer. Il est enti\u00e8rement possible que Vindman en fasse parti\u00a0\u00bb, avait \u00e9crit Ron Johnson dans un courrier au Congr\u00e8s.<\/p>\n<p>Mardi, ses coll\u00e8gues de la Chambre des repr\u00e9sentants sont all\u00e9s plus loin, insinuant qu\u2019Alexander Vindman pourrait avoir \u00e9t\u00e9 influenc\u00e9 par ses origines ukrainiennes.<\/p>\n<p>M. Vindman a reconnu, sous leur pression, que les Ukrainiens lui avaient propos\u00e9 un poste de ministre de la D\u00e9fense, mais il a assur\u00e9 l\u2019avoir imm\u00e9diatement refus\u00e9.<\/p>\n<p>\u00ab\u00a0Je suis Am\u00e9ricain, je suis arriv\u00e9 dans ma petite enfance aux Etats-Unis\u00a0\u00bb, a-t-il expliqu\u00e9.<\/p>\n<p>\u2013 \u00ab\u00a0Papa, ne t\u2019inqui\u00e8te pas\u00a0\u00bb \u2013<\/p>\n<p>Son p\u00e8re a d\u00e9cid\u00e9 de fuir l\u2019antis\u00e9mitisme de l\u2019Union sovi\u00e9tique quand Alexander Vindman avait trois ans et la famille s\u2019est install\u00e9e \u00e0 New York, o\u00f9 lui et ses deux fr\u00e8res ont grandi comme de petits Am\u00e9ricains avant de s\u2019engager, tous les trois, dans l\u2019arm\u00e9e des Etats-Unis.<\/p>\n<p>\u00ab\u00a0Je voulais passer ma vie \u00e0 servir cette nation qui a donn\u00e9 refuge \u00e0 ma famille\u00a0\u00bb, a-t-il expliqu\u00e9 lors de son audition. Envoy\u00e9 en Irak en 2004, il a re\u00e7u une d\u00e9coration apr\u00e8s avoir \u00e9t\u00e9 bless\u00e9 par un engin explosif.<\/p>\n<p>Parlant couramment l\u2019Ukrainien et le Russe, dipl\u00f4m\u00e9 de la prestigieuse universit\u00e9 d\u2019Harvard, il a ensuite travaill\u00e9 dans les ambassades am\u00e9ricaines \u00e0 Kiev et Moscou. Depuis 2018, il occupe un poste de conseiller sur les affaires europ\u00e9ennes au sein du Conseil de s\u00e9curit\u00e9 nationale \u00e0 la Maison Blanche.<\/p>\n<p>Son fr\u00e8re jumeau, Yevgeny, travaille lui au sein des services juridiques de la pr\u00e9sidence. Mardi, Alexander Vindman a fr\u00e9quemment fait r\u00e9f\u00e9rence \u00e0 ce \u00ab\u00a0petit\u00a0\u00bb fr\u00e8re, n\u00e9 \u00ab\u00a0huit secondes\u00a0\u00bb apr\u00e8s lui et assis juste derri\u00e8re lui pour le soutenir face aux assauts r\u00e9publicains.<\/p>\n<p>Nerveux dans les premi\u00e8res minutes, il a peu \u00e0 peu gagn\u00e9 en assurance, n\u2019h\u00e9sitant pas \u00e0 reprendre un \u00e9lu qui l\u2019avait appel\u00e9 \u00ab\u00a0Monsieur Vindman\u00a0\u00bb. \u00ab\u00a0C\u2019est lieutenant-colonel Vindman.\u00a0\u00bb<\/p>\n<p>Accus\u00e9 d\u2019avoir \u00e9t\u00e9 mal per\u00e7u par sa hi\u00e9rarchie, il a d\u00e9gain\u00e9 une \u00e9valuation de sa sup\u00e9rieure le qualifiant de \u00ab\u00a0brillant\u00a0\u00bb. Il a assur\u00e9 \u00eatre \u00ab\u00a0non partisan\u00a0\u00bb.<\/p>\n<p>Dans son introduction, il avait remerci\u00e9 son p\u00e8re d\u2019avoir choisi d\u2019\u00e9migrer aux Etats-Unis.<\/p>\n<p>\u00ab\u00a0En Russie, t\u00e9moigner en public dans une enqu\u00eate contre le pr\u00e9sident me co\u00fbterait certainement la vie\u00a0\u00bb, avait-il soulign\u00e9 avant d\u2019ajouter: \u00ab\u00a0Papa, ne t\u2019inqui\u00e8te pas, \u00e7a va aller m\u00eame si je dis la v\u00e9rit\u00e9.\u00a0\u00bb<\/p>\n<\/div>\n<p>Auteur: AFP<br \/>\n<a href=\"https:\/\/www.journalducameroun.com\/destitution-de-trump-un-militaire-anime-par-le-sens-du-devoir-en-temoin-cle\/\">Cliquez ici pour lire l&rsquo;article depuis sa source.<\/a><\/p>\n","protected":false},"excerpt":{"rendered":"<p>Publi\u00e9 le 19.11.2019 \u00e0 20h50 par AFP N\u00e9 \u00e0 Kiev, arriv\u00e9 aux Etats-Unis \u00e0 l\u2019\u00e2ge de trois ans, engag\u00e9 dans l\u2019arm\u00e9e am\u00e9ricaine puis au service de la Maison Blanche, le lieutenant-colonel Alexander Vindman est aujourd\u2019hui l\u2019un des principaux t\u00e9moins dans l\u2019enqu\u00eate en destitution contre Donald Trump. Mardi, il est venu en uniforme expliquer au Congr\u00e8s [&hellip;]<\/p>\n","protected":false},"author":1965,"featured_media":0,"comment_status":"closed","ping_status":"closed","sticky":false,"template":"","format":"standard","meta":{"fifu_image_url":"","fifu_image_alt":"","footnotes":""},"categories":[73,82],"tags":[],"class_list":["post-67994","post","type-post","status-publish","format-standard","hentry","category-actualite","category-cameroun"],"_links":{"self":[{"href":"https:\/\/linitiative.ca\/International\/wp-json\/wp\/v2\/posts\/67994","targetHints":{"allow":["GET"]}}],"collection":[{"href":"https:\/\/linitiative.ca\/International\/wp-json\/wp\/v2\/posts"}],"about":[{"href":"https:\/\/linitiative.ca\/International\/wp-json\/wp\/v2\/types\/post"}],"author":[{"embeddable":true,"href":"https:\/\/linitiative.ca\/International\/wp-json\/wp\/v2\/users\/1965"}],"replies":[{"embeddable":true,"href":"https:\/\/linitiative.ca\/International\/wp-json\/wp\/v2\/comments?post=67994"}],"version-history":[{"count":0,"href":"https:\/\/linitiative.ca\/International\/wp-json\/wp\/v2\/posts\/67994\/revisions"}],"wp:attachment":[{"href":"https:\/\/linitiative.ca\/International\/wp-json\/wp\/v2\/media?parent=67994"}],"wp:term":[{"taxonomy":"category","embeddable":true,"href":"https:\/\/linitiative.ca\/International\/wp-json\/wp\/v2\/categories?post=67994"},{"taxonomy":"post_tag","embeddable":true,"href":"https:\/\/linitiative.ca\/International\/wp-json\/wp\/v2\/tags?post=67994"}],"curies":[{"name":"wp","href":"https:\/\/api.w.org\/{rel}","templated":true}]}}