{"id":67995,"date":"2019-11-19T15:18:03","date_gmt":"2019-11-19T20:18:03","guid":{"rendered":"https:\/\/linitiative.ca\/International\/la-securite-lalimentaire-au-menu-dun-forum-des-parlementaires-dafrique-centrale\/"},"modified":"2019-11-19T15:18:03","modified_gmt":"2019-11-19T20:18:03","slug":"la-securite-lalimentaire-au-menu-dun-forum-des-parlementaires-dafrique-centrale","status":"publish","type":"post","link":"https:\/\/linitiative.ca\/International\/la-securite-lalimentaire-au-menu-dun-forum-des-parlementaires-dafrique-centrale\/","title":{"rendered":"La s\u00e9curit\u00e9 l\u2019alimentaire au menu d\u2019un forum des parlementaires d\u2019Afrique centrale"},"content":{"rendered":"<div readability=\"32\">\n<p>Publi\u00e9 le 19.11.2019 \u00e0 21h18 par APA News<\/p>\n<\/div>\n<div readability=\"79\">\n<p>Le Forum sous-r\u00e9gional des parlementaires d\u2019Afrique centrale sur la s\u00e9curit\u00e9 alimentaire et nutritionnelle a d\u00e9marr\u00e9, mardi \u00e0 Brazzaville, en pr\u00e9sence du pr\u00e9sident congolais, Denis Sassou N\u2019Guesso, a constat\u00e9 APA.Ouvrant les travaux de ce forum, le pr\u00e9sident congolais a invit\u00e9 les Etats de l\u2019Afrique \u00e0 faire de sorte que \u00ab la nourriture devienne un m\u00e9dicament de base pour les populations de la sous-r\u00e9gion \u00bb.<\/p>\n<p>Denis Sassou N\u2019Guesso s\u2019est pr\u00e9occup\u00e9 de l\u2019alimentation des femmes enceintes et enfants \u00e0 bas \u00e2ges qui reste une pr\u00e9occupation pour l\u2019Afrique centrale, avant d\u2019appeler \u00e0 \u00ab une int\u00e9gration sous-r\u00e9gionale port\u00e9e, par entre autre, une agriculture structurante \u00e0 vocation communautaire \u00bb.<\/p>\n<p>Le pr\u00e9sident congolais a saisi cette occasion pour appeler \u00e0 \u00ab une plus grande autonomisation des femmes et \u00e0 une \u00e9galit\u00e9 des genres \u00bb, estimant que ces facteurs sont des leviers de s\u00e9curit\u00e9 alimentaire et nutritionnelle au sein de la CEEAC.<\/p>\n<p>Ce faisant, il a exhort\u00e9 les \u00ab parlementaires de l\u2019Afrique centrale \u00e0 quitter le domaine des incantations st\u00e9riles et \u00e0 s\u2019engager r\u00e9solument dans des politiques, des plans et des projets agricoles coh\u00e9rents et int\u00e9grateurs, afin de r\u00e9tablir l\u2019Afrique centrale dans son r\u00f4le incontestable de grenier de l\u2019Afrique \u00bb.<\/p>\n<p>\u00ab En tant qu\u2019\u00e9lus du peuple, les parlementaires de l\u2019Afrique centrale devraient \u00eatre des acteurs de premi\u00e8re ligne sur le terrain, au rythme d\u2019un parlementaire un champ \u00bb, a dit le pr\u00e9sident N\u2019Guesso.<\/p>\n<p>Selon un rapport onusien, en 2018, trois personnes sur quatre sont sous-aliment\u00e9es dans la sous-r\u00e9gion d\u2019Afrique centrale.<\/p>\n<p>Au Congo, plus de 14,2% des m\u00e9nages souffrent d\u2019une ins\u00e9curit\u00e9 alimentaire s\u00e9v\u00e8re ou mod\u00e9r\u00e9e et 73,6% des m\u00e9nages connaissent une s\u00e9curit\u00e9 alimentaire al\u00e9atoire.<\/p>\n<\/div>\n<p>Auteur: APA News<br \/>\n<a href=\"https:\/\/www.journalducameroun.com\/la-securite-lalimentaire-au-menu-dun-forum-des-parlementaires-dafrique-centrale\/\">Cliquez ici pour lire l&rsquo;article depuis sa source.<\/a><\/p>\n","protected":false},"excerpt":{"rendered":"<p>Publi\u00e9 le 19.11.2019 \u00e0 21h18 par APA News Le Forum sous-r\u00e9gional des parlementaires d\u2019Afrique centrale sur la s\u00e9curit\u00e9 alimentaire et nutritionnelle a d\u00e9marr\u00e9, mardi \u00e0 Brazzaville, en pr\u00e9sence du pr\u00e9sident congolais, Denis Sassou N\u2019Guesso, a constat\u00e9 APA.Ouvrant les travaux de ce forum, le pr\u00e9sident congolais a invit\u00e9 les Etats de l\u2019Afrique \u00e0 faire de sorte [&hellip;]<\/p>\n","protected":false},"author":1965,"featured_media":0,"comment_status":"closed","ping_status":"closed","sticky":false,"template":"","format":"standard","meta":{"fifu_image_url":"","fifu_image_alt":"","footnotes":""},"categories":[73,82],"tags":[],"class_list":["post-67995","post","type-post","status-publish","format-standard","hentry","category-actualite","category-cameroun"],"_links":{"self":[{"href":"https:\/\/linitiative.ca\/International\/wp-json\/wp\/v2\/posts\/67995","targetHints":{"allow":["GET"]}}],"collection":[{"href":"https:\/\/linitiative.ca\/International\/wp-json\/wp\/v2\/posts"}],"about":[{"href":"https:\/\/linitiative.ca\/International\/wp-json\/wp\/v2\/types\/post"}],"author":[{"embeddable":true,"href":"https:\/\/linitiative.ca\/International\/wp-json\/wp\/v2\/users\/1965"}],"replies":[{"embeddable":true,"href":"https:\/\/linitiative.ca\/International\/wp-json\/wp\/v2\/comments?post=67995"}],"version-history":[{"count":0,"href":"https:\/\/linitiative.ca\/International\/wp-json\/wp\/v2\/posts\/67995\/revisions"}],"wp:attachment":[{"href":"https:\/\/linitiative.ca\/International\/wp-json\/wp\/v2\/media?parent=67995"}],"wp:term":[{"taxonomy":"category","embeddable":true,"href":"https:\/\/linitiative.ca\/International\/wp-json\/wp\/v2\/categories?post=67995"},{"taxonomy":"post_tag","embeddable":true,"href":"https:\/\/linitiative.ca\/International\/wp-json\/wp\/v2\/tags?post=67995"}],"curies":[{"name":"wp","href":"https:\/\/api.w.org\/{rel}","templated":true}]}}