{"id":67996,"date":"2019-11-19T15:18:04","date_gmt":"2019-11-19T20:18:04","guid":{"rendered":"https:\/\/linitiative.ca\/International\/une-coalition-dassociations-senegalaises-plaide-pour-un-code-de-lenfant\/"},"modified":"2019-11-19T15:18:04","modified_gmt":"2019-11-19T20:18:04","slug":"une-coalition-dassociations-senegalaises-plaide-pour-un-code-de-lenfant","status":"publish","type":"post","link":"https:\/\/linitiative.ca\/International\/une-coalition-dassociations-senegalaises-plaide-pour-un-code-de-lenfant\/","title":{"rendered":"Une coalition d\u2019associations s\u00e9n\u00e9galaises plaide pour un Code de l\u2019enfant"},"content":{"rendered":"<div readability=\"32\">\n<p>Publi\u00e9 le 19.11.2019 \u00e0 21h18 par APA News<\/p>\n<\/div>\n<div readability=\"64\">\n<p>Le pr\u00e9sident de la Coalition nationale des associations et ONG en faveur de l\u2019enfant (CONAFE) du S\u00e9n\u00e9gal, Fran\u00e7ois Raoul Latouffe a plaid\u00e9, mardi \u00e0 Dakar, pour l\u2019adoption d\u2019un Code de l\u2019enfant et du projet de loi portant sur le statut des Daras (\u00e9coles coraniques) pour \u00ab une meilleure protection de l\u2019enfant \u00bb.\u00ab Malgr\u00e9 les mesures institutionnelles, r\u00e9glementaires, politiques et des programmes de l\u2019Etat du S\u00e9n\u00e9gal depuis 2002 pour donner effet \u00e0 son engagement avec la contribution significative de diff\u00e9rents acteurs (agences onusienne, partenaires au d\u00e9veloppement, soci\u00e9t\u00e9 civile), beaucoup d\u2019efforts restent \u00e0 faire pour la protection des enfants\u00bb, a analys\u00e9 indique M. Latouffe.<\/p>\n<p>Il s\u2019exprimait au cours d\u2019une journ\u00e9e d\u2019action avec le secteur priv\u00e9 en pr\u00e9lude au 30\u00e8me anniversaire de la Convention des droits de l\u2019enfant c\u00e9l\u00e9br\u00e9 le 20 novembre.<\/p>\n<p>A son avis, le Code de l\u2019enfant et le projet de loi portant sur le statut des Daras sont n\u00e9cessaires pour mieux prot\u00e9ger et retirer les enfants des rues du S\u00e9n\u00e9gal de fa\u00e7on d\u00e9finitive.<\/p>\n<p>\u00ab On n\u2019a plus besoin de th\u00e9ories, ce que nous voulons, c\u2019est que l\u2019on ne voit plus d\u2019enfants dans les rues du S\u00e9n\u00e9gal \u00bb, a dit le pr\u00e9sident de la CONAFE.<\/p>\n<p>Au cours de la journ\u00e9e d\u2019action, les entreprises priv\u00e9es membres de la \u00ab plateforme RSE en faveur de l\u2019Enfance \u00bb ont r\u00e9affirm\u00e9 leur d\u00e9termination et engagement \u00e0 prendre en compte dans leur politique \u00ab les droits de l\u2019enfant, mais \u00e9galement \u00e0 contribuer \u00a0de fa\u00e7on durable en tant que d\u00e9fenseures des enfants \u00e0 l\u2019am\u00e9lioration de leur situation \u00e0 travers une approche bas\u00e9e sur leurs droits humains\u00bb.<\/p>\n<\/div>\n<p>Auteur: APA News<br \/>\n<a href=\"https:\/\/www.journalducameroun.com\/une-coalition-dassociations-senegalaises-plaide-pour-un-code-de-lenfant\/\">Cliquez ici pour lire l&rsquo;article depuis sa source.<\/a><\/p>\n","protected":false},"excerpt":{"rendered":"<p>Publi\u00e9 le 19.11.2019 \u00e0 21h18 par APA News Le pr\u00e9sident de la Coalition nationale des associations et ONG en faveur de l\u2019enfant (CONAFE) du S\u00e9n\u00e9gal, Fran\u00e7ois Raoul Latouffe a plaid\u00e9, mardi \u00e0 Dakar, pour l\u2019adoption d\u2019un Code de l\u2019enfant et du projet de loi portant sur le statut des Daras (\u00e9coles coraniques) pour \u00ab une [&hellip;]<\/p>\n","protected":false},"author":1965,"featured_media":0,"comment_status":"closed","ping_status":"closed","sticky":false,"template":"","format":"standard","meta":{"fifu_image_url":"","fifu_image_alt":"","footnotes":""},"categories":[73,82],"tags":[],"class_list":["post-67996","post","type-post","status-publish","format-standard","hentry","category-actualite","category-cameroun"],"_links":{"self":[{"href":"https:\/\/linitiative.ca\/International\/wp-json\/wp\/v2\/posts\/67996","targetHints":{"allow":["GET"]}}],"collection":[{"href":"https:\/\/linitiative.ca\/International\/wp-json\/wp\/v2\/posts"}],"about":[{"href":"https:\/\/linitiative.ca\/International\/wp-json\/wp\/v2\/types\/post"}],"author":[{"embeddable":true,"href":"https:\/\/linitiative.ca\/International\/wp-json\/wp\/v2\/users\/1965"}],"replies":[{"embeddable":true,"href":"https:\/\/linitiative.ca\/International\/wp-json\/wp\/v2\/comments?post=67996"}],"version-history":[{"count":0,"href":"https:\/\/linitiative.ca\/International\/wp-json\/wp\/v2\/posts\/67996\/revisions"}],"wp:attachment":[{"href":"https:\/\/linitiative.ca\/International\/wp-json\/wp\/v2\/media?parent=67996"}],"wp:term":[{"taxonomy":"category","embeddable":true,"href":"https:\/\/linitiative.ca\/International\/wp-json\/wp\/v2\/categories?post=67996"},{"taxonomy":"post_tag","embeddable":true,"href":"https:\/\/linitiative.ca\/International\/wp-json\/wp\/v2\/tags?post=67996"}],"curies":[{"name":"wp","href":"https:\/\/api.w.org\/{rel}","templated":true}]}}