{"id":67997,"date":"2019-11-19T15:50:03","date_gmt":"2019-11-19T20:50:03","guid":{"rendered":"https:\/\/linitiative.ca\/International\/bolivie-un-mort-dans-des-heurts-pres-de-la-paz-le-dialogue-politique-au-ralenti\/"},"modified":"2019-11-19T15:50:03","modified_gmt":"2019-11-19T20:50:03","slug":"bolivie-un-mort-dans-des-heurts-pres-de-la-paz-le-dialogue-politique-au-ralenti","status":"publish","type":"post","link":"https:\/\/linitiative.ca\/International\/bolivie-un-mort-dans-des-heurts-pres-de-la-paz-le-dialogue-politique-au-ralenti\/","title":{"rendered":"Bolivie: un mort dans des heurts pr\u00e8s de La Paz, le dialogue politique au ralenti"},"content":{"rendered":"<div readability=\"32\">\n<p>Publi\u00e9 le 19.11.2019 \u00e0 21h50 par AFP<\/p>\n<\/div>\n<div readability=\"136\">\n<p>Un homme est mort mardi lors de heurts entre des manifestants et l\u2019arm\u00e9e bolivienne qui d\u00e9gageait une raffinerie bloqu\u00e9e par des partisans d\u2019Evo Morales, portant \u00e0 25 le nombre de morts dans des violences depuis le d\u00e9but de la crise dans ce pays andin.<\/p>\n<p>\u00ab\u00a0Il a \u00e9t\u00e9 constat\u00e9 la mort par balle de M. Dayvi Posto Cusi, 31 ans\u00a0\u00bb, a d\u00e9clar\u00e9 \u00e0 l\u2019AFP un porte-parole du D\u00e9fenseur du peuple, un organe public charg\u00e9 de prot\u00e9ger les droits et libert\u00e9s des Boliviens.<\/p>\n<p>\u00ab\u00a0Nous demandons aux autorit\u00e9s qu\u2019elles ouvrent une enqu\u00eate\u00a0\u00bb, a-t-il ajout\u00e9.<\/p>\n<p>Ce d\u00e9c\u00e8s porte \u00e0 25 le nombre de morts dans des violences survenues depuis un mois que la Bolivie est plong\u00e9e dans une tr\u00e8s grave crise politique.<\/p>\n<p>Selon les m\u00e9dias boliviens, entre trois et cinq personnes ont \u00e9t\u00e9 bless\u00e9es lors de ces \u00e9chauffour\u00e9es.<\/p>\n<p>Les heurts ont \u00e9clat\u00e9 lorsque des partisans de l\u2019ancien pr\u00e9sident Evo Morales se sont mis \u00e0 jeter des pierres et des d\u00e9tonateurs de dynamite en direction de l\u2019usine de combustible de Senkata, \u00e0 El Alto, ville-jumelle de La Paz.<\/p>\n<p>Peu avant, la police et l\u2019arm\u00e9e \u00e9taient intervenues pour d\u00e9bloquer l\u2019acc\u00e8s de la raffinerie occup\u00e9e depuis un peu moins d\u2019une semaine par des manifestants, entra\u00eenant une grave p\u00e9nurie de carburants \u00e0 La Paz.<\/p>\n<p>Les manifestants entendaient exprimer leur rejet de Jeanine A\u00f1ez, la pr\u00e9sidente par int\u00e9rim de la Bolivie qui a pris les r\u00eanes du pays andin 48 heures apr\u00e8s la d\u00e9mission d\u2019Evo Morales le 10 novembre.<\/p>\n<p>La police a utilis\u00e9 des gaz lacrymog\u00e8nes pour maintenir \u00e0 distance des manifestants qui tentaient de s\u2019opposer au d\u00e9blocage de la raffinerie, selon des images retransmises \u00e0 la t\u00e9l\u00e9vision.<\/p>\n<p>Depuis la d\u00e9mission d\u2019Evo Morales, premier pr\u00e9sident indig\u00e8ne du pays, ses partisans manifestent quotidiennement dans les rues de La Paz et dans certaines villes de province pour exiger le d\u00e9part de Jeanine A\u00f1ez.<\/p>\n<p>Lundi soir, la police, escort\u00e9e par l\u2019arm\u00e9e, avait tir\u00e9 des gaz lacrymog\u00e8ne contre plusieurs milliers de manifestants pro-Morales dans une localit\u00e9 proche de Cochabamba (centre) o\u00f9 neuf paysans ont \u00e9t\u00e9 tu\u00e9s lors de heurts vendredi.<\/p>\n<p>Pour tenter de calmer le jeu, Jeanine A\u00f1ez a promis des \u00e9lections pr\u00e9sidentielle et l\u00e9gislatives dans un avenir proche, sans toutefois avancer de date.<\/p>\n<p>-\u00ab\u00a0Il n\u2019y a plus de poulet\u00a0\u00bb-<\/p>\n<p>Une p\u00e9nurie d\u2019aliments se fait aussi ressentir dans les magasins et les restaurants de La Paz en raison des blocages de routes qui m\u00e8nent aux r\u00e9gions agricoles de la Bolivie, dans le centre et l\u2019est du pays.<\/p>\n<p>\u00ab\u00a0Il n\u2019y a plus de poulet, y\u2019a que de la soupe\u00a0\u00bb, expliquait \u00e0 l\u2019heure du d\u00e9jeuner Eduardo Mamani, employ\u00e9 d\u2019un restaurant sp\u00e9cialis\u00e9 dans les plats \u00e0 base de poulet de La Paz.<\/p>\n<p>Se voulant rassurant, le ministre du D\u00e9veloppement productif Wilfredo Rojo a annonc\u00e9 qu\u2019un \u00ab\u00a0pont a\u00e9rien\u00a0\u00bb avait \u00e9t\u00e9 instaur\u00e9 pour \u00ab\u00a0l\u2019acheminement de viande\u00a0\u00bb vers La Paz avec le concours de l\u2019arm\u00e9e de l\u2019Air.<\/p>\n<p>Dans les march\u00e9s, les files d\u2019attente s\u2019allongent et les prix explosent: un oeuf valait il y a une semaine 1 boliviano (14 centimes de dollar), et se vend plus du double aujourd\u2019hui.<\/p>\n<p>Alors que les partisans d\u2019Evo Morales continuent d\u2019exercer une pression dans la rue, le gouvernement int\u00e9rimaire participe \u00e0 un dialogue initi\u00e9 lundi par l\u2019Eglise qui r\u00e9unit tous les partis mais aussi la soci\u00e9t\u00e9 civile.<\/p>\n<p>Les conversations, dont rien n\u2019a encore filtr\u00e9, concernent en premier lieu la mise en place d\u2019un nouveau Tribunal supr\u00eame \u00e9lectoral (TSE), seul organe \u00e0 m\u00eame de convoquer des \u00e9lections.<\/p>\n<p>Mais deux alli\u00e9s de Mme A\u00f1ez, l\u2019ancien pr\u00e9sident et candidat \u00e0 la derni\u00e8re pr\u00e9sidentielle Carlos Mesa et le leader r\u00e9gional Luis Fernando Camacho, la pressent de convoquer directement des \u00e9lections par d\u00e9cret pr\u00e9sidentiel.<\/p>\n<p>Dans ce dernier cas, elle pourrait se passer du blanc-seing du TSE, mais elle accentuerait la col\u00e8re des partisans d\u2019Evo Morales.<\/p>\n<\/div>\n<p>Auteur: AFP<br \/>\n<a href=\"https:\/\/www.journalducameroun.com\/bolivie-un-mort-dans-des-heurts-pres-de-la-paz-le-dialogue-politique-au-ralenti\/\">Cliquez ici pour lire l&rsquo;article depuis sa source.<\/a><\/p>\n","protected":false},"excerpt":{"rendered":"<p>Publi\u00e9 le 19.11.2019 \u00e0 21h50 par AFP Un homme est mort mardi lors de heurts entre des manifestants et l\u2019arm\u00e9e bolivienne qui d\u00e9gageait une raffinerie bloqu\u00e9e par des partisans d\u2019Evo Morales, portant \u00e0 25 le nombre de morts dans des violences depuis le d\u00e9but de la crise dans ce pays andin. \u00ab\u00a0Il a \u00e9t\u00e9 constat\u00e9 [&hellip;]<\/p>\n","protected":false},"author":1965,"featured_media":0,"comment_status":"closed","ping_status":"closed","sticky":false,"template":"","format":"standard","meta":{"fifu_image_url":"","fifu_image_alt":"","footnotes":""},"categories":[73,82],"tags":[],"class_list":["post-67997","post","type-post","status-publish","format-standard","hentry","category-actualite","category-cameroun"],"_links":{"self":[{"href":"https:\/\/linitiative.ca\/International\/wp-json\/wp\/v2\/posts\/67997","targetHints":{"allow":["GET"]}}],"collection":[{"href":"https:\/\/linitiative.ca\/International\/wp-json\/wp\/v2\/posts"}],"about":[{"href":"https:\/\/linitiative.ca\/International\/wp-json\/wp\/v2\/types\/post"}],"author":[{"embeddable":true,"href":"https:\/\/linitiative.ca\/International\/wp-json\/wp\/v2\/users\/1965"}],"replies":[{"embeddable":true,"href":"https:\/\/linitiative.ca\/International\/wp-json\/wp\/v2\/comments?post=67997"}],"version-history":[{"count":0,"href":"https:\/\/linitiative.ca\/International\/wp-json\/wp\/v2\/posts\/67997\/revisions"}],"wp:attachment":[{"href":"https:\/\/linitiative.ca\/International\/wp-json\/wp\/v2\/media?parent=67997"}],"wp:term":[{"taxonomy":"category","embeddable":true,"href":"https:\/\/linitiative.ca\/International\/wp-json\/wp\/v2\/categories?post=67997"},{"taxonomy":"post_tag","embeddable":true,"href":"https:\/\/linitiative.ca\/International\/wp-json\/wp\/v2\/tags?post=67997"}],"curies":[{"name":"wp","href":"https:\/\/api.w.org\/{rel}","templated":true}]}}