{"id":67998,"date":"2019-11-19T17:18:03","date_gmt":"2019-11-19T22:18:03","guid":{"rendered":"https:\/\/linitiative.ca\/International\/maroc-nomination-dun-president-de-la-commission-speciale-sur-le-nouveau-modele-de-developpement\/"},"modified":"2019-11-19T17:18:03","modified_gmt":"2019-11-19T22:18:03","slug":"maroc-nomination-dun-president-de-la-commission-speciale-sur-le-nouveau-modele-de-developpement","status":"publish","type":"post","link":"https:\/\/linitiative.ca\/International\/maroc-nomination-dun-president-de-la-commission-speciale-sur-le-nouveau-modele-de-developpement\/","title":{"rendered":"Maroc : Nomination d\u2019un pr\u00e9sident de la Commission sp\u00e9ciale sur le nouveau mod\u00e8le de d\u00e9veloppement"},"content":{"rendered":"<div readability=\"32\">\n<p>Publi\u00e9 le 19.11.2019 \u00e0 23h18 par APA News<\/p>\n<\/div>\n<div readability=\"77\">\n<p>Le Roi Mohammed VI a nomm\u00e9, ce mardi, Chakib Benmoussa pr\u00e9sident de la commission sp\u00e9ciale charg\u00e9e du nouveau mod\u00e8le de d\u00e9veloppement, a annonc\u00e9 un communiqu\u00e9 du Cabinet royal.Cette entit\u00e9 sp\u00e9ciale aura, entre autres, \u00e0 mener une triple mission de r\u00e9ajustement, d\u2019anticipation, de prospective pour permettre au Maroc d\u2019aborder l\u2019avenir avec s\u00e9r\u00e9nit\u00e9 et assurance.<\/p>\n<p>Dans son discours \u00e0 l\u2019occasion du 20\u00e8me anniversaire de son accession au Tr\u00f4ne, le Roi Mohammed VI avait annonc\u00e9 la mise en place de la commission sp\u00e9ciale charg\u00e9e du mod\u00e8le de d\u00e9veloppement.<\/p>\n<p>Cette instance consultative devra regrouper diff\u00e9rentes disciplines acad\u00e9miques et diverses sensibilit\u00e9s intellectuelles. Y si\u00e9geront des comp\u00e9tences nationales issues du public et du priv\u00e9.<\/p>\n<p>Outre de l\u2019exp\u00e9rience et une exigence d\u2019impartialit\u00e9, ces profils devront \u00eatre \u00ab suffisamment outill\u00e9s pour comprendre les dynamiques \u00e0 l\u2019\u0153uvre au sein de la soci\u00e9t\u00e9 et aller au-devant de ses attentes, sans jamais perdre de vue l\u2019int\u00e9r\u00eat sup\u00e9rieur de la Nation \u00bb, avait affirm\u00e9 le Souverain en soulignant que cette commission ne tiendra lieu ni de second gouvernement, ni d\u2019institution officielle parall\u00e8le. Elle jouera plut\u00f4t le r\u00f4le d\u2019organe consultatif investi d\u2019une mission limit\u00e9e dans le temps.<\/p>\n<p>Au cours de ses travaux, ladite commission devra prendre en consid\u00e9ration les grandes orientations des r\u00e9formes engag\u00e9es ou en passe de l\u2019\u00eatre, dans des secteurs comme l\u2019enseignement, la sant\u00e9, l\u2019agriculture, l\u2019investissement, le syst\u00e8me fiscal. Ses propositions devront viser leur perfectionnement et l\u2019accroissement de leur efficacit\u00e9.<\/p>\n<p>Chakib Benmoussa (61 ans) est un ing\u00e9nieur et homme politique qui a occup\u00e9 plusieurs fonctions au plus haut niveau de l\u2019Etat. Avant sa nomination en tant que pr\u00e9sident de la Commission sp\u00e9ciale sur le mod\u00e8le de d\u00e9veloppement, il occupait la fonction d\u2019Ambassadeur du Maroc \u00e0 Paris. Il \u00e9tait \u00e9galement ministre de l\u2019Int\u00e9rieur pendant la p\u00e9riode 2006-2010 avant d\u2019\u00eatre nomm\u00e9 pr\u00e9sident du Conseil \u00e9conomique, social et environnemental (CESE).<\/p>\n<\/div>\n<p>Auteur: APA News<br \/>\n<a href=\"https:\/\/www.journalducameroun.com\/maroc-nomination-dun-president-de-la-commission-speciale-sur-le-nouveau-modele-de-developpement\/\">Cliquez ici pour lire l&rsquo;article depuis sa source.<\/a><\/p>\n","protected":false},"excerpt":{"rendered":"<p>Publi\u00e9 le 19.11.2019 \u00e0 23h18 par APA News Le Roi Mohammed VI a nomm\u00e9, ce mardi, Chakib Benmoussa pr\u00e9sident de la commission sp\u00e9ciale charg\u00e9e du nouveau mod\u00e8le de d\u00e9veloppement, a annonc\u00e9 un communiqu\u00e9 du Cabinet royal.Cette entit\u00e9 sp\u00e9ciale aura, entre autres, \u00e0 mener une triple mission de r\u00e9ajustement, d\u2019anticipation, de prospective pour permettre au Maroc [&hellip;]<\/p>\n","protected":false},"author":1965,"featured_media":0,"comment_status":"closed","ping_status":"closed","sticky":false,"template":"","format":"standard","meta":{"fifu_image_url":"","fifu_image_alt":"","footnotes":""},"categories":[73,82],"tags":[],"class_list":["post-67998","post","type-post","status-publish","format-standard","hentry","category-actualite","category-cameroun"],"_links":{"self":[{"href":"https:\/\/linitiative.ca\/International\/wp-json\/wp\/v2\/posts\/67998","targetHints":{"allow":["GET"]}}],"collection":[{"href":"https:\/\/linitiative.ca\/International\/wp-json\/wp\/v2\/posts"}],"about":[{"href":"https:\/\/linitiative.ca\/International\/wp-json\/wp\/v2\/types\/post"}],"author":[{"embeddable":true,"href":"https:\/\/linitiative.ca\/International\/wp-json\/wp\/v2\/users\/1965"}],"replies":[{"embeddable":true,"href":"https:\/\/linitiative.ca\/International\/wp-json\/wp\/v2\/comments?post=67998"}],"version-history":[{"count":0,"href":"https:\/\/linitiative.ca\/International\/wp-json\/wp\/v2\/posts\/67998\/revisions"}],"wp:attachment":[{"href":"https:\/\/linitiative.ca\/International\/wp-json\/wp\/v2\/media?parent=67998"}],"wp:term":[{"taxonomy":"category","embeddable":true,"href":"https:\/\/linitiative.ca\/International\/wp-json\/wp\/v2\/categories?post=67998"},{"taxonomy":"post_tag","embeddable":true,"href":"https:\/\/linitiative.ca\/International\/wp-json\/wp\/v2\/tags?post=67998"}],"curies":[{"name":"wp","href":"https:\/\/api.w.org\/{rel}","templated":true}]}}