{"id":68002,"date":"2019-11-20T08:00:30","date_gmt":"2019-11-20T13:00:30","guid":{"rendered":"https:\/\/linitiative.ca\/International\/concours-des-jeunes-talents-de-la-publicite-pour-le-climat-a-casablanca-4-agences-de-communication-y-participent\/"},"modified":"2019-11-20T08:00:30","modified_gmt":"2019-11-20T13:00:30","slug":"concours-des-jeunes-talents-de-la-publicite-pour-le-climat-a-casablanca-4-agences-de-communication-y-participent","status":"publish","type":"post","link":"https:\/\/linitiative.ca\/International\/concours-des-jeunes-talents-de-la-publicite-pour-le-climat-a-casablanca-4-agences-de-communication-y-participent\/","title":{"rendered":"Concours des jeunes talents de la publicit\u00e9 pour le climat \u00e0 Casablanca : 4 agences de communication y participent"},"content":{"rendered":"<p><img decoding=\"async\" class=\"post_layout_5_img\" src=\"http:\/\/aujourdhui.ma\/wp-content\/uploads\/2019\/11\/Concours-des-jeunes-talents-de-la-publicite%CC%81-pour-le-climat-a%CC%80-Casablanca.jpg?x29840\" alt=\"Concours des jeunes talents de la publicit\u00e9 pour le climat \u00e0 Casablanca : 4 agences de communication y participent\"\/><\/p>\n<p class=\"p1\"><span class=\"c4\"><strong><em>Ce concours se veut, entre autres, de faire \u00e9merger les nouveaux talents pour les faire exister sur les r\u00e9seaux sociaux et pour leur s\u00e9lection finale au concours des \u00abJeunes talents\u00bb durant la Semaine de la langue fran\u00e7aise et de la francophonie 2020.<\/em><\/strong><\/span><\/p>\n<p class=\"p1\"><span class=\"s1\">Le concours de \u00abJeunes talents de la publicit\u00e9 pour le climat au Maroc\u00bb, qui se tient jusqu\u2019au 21 novembre \u00e0 Casablanca, est marqu\u00e9 par la participation de \u00ab4 agences qui repr\u00e9sentent les jeunes cette ann\u00e9e\u00bb. Leur nombre est pr\u00e9cis\u00e9, mardi \u00e0 Casablanca o\u00f9 cet \u00e9v\u00e9nement se tient pour la premi\u00e8re fois, par Christian Cappe, pr\u00e9sident et fondateur de l\u2019Union francophone, initiatrice de l\u2019\u00e9v\u00e9nement avec le soutien de l\u2019Union des agences conseil en communication pr\u00e9sid\u00e9e par Maria A\u00eft M\u2019hamed. <em>\u00abNotre challenge est de faire un concours au Maroc\u00bb<\/em>, d\u00e9taille l\u2019orateur qui ne manque pas de remonter \u00e0 la fondation de l\u2019Union francophone cr\u00e9\u00e9e en 2016. En effet, cette grande structure internationale, consistant en une plate-forme \u00e9v\u00e9nementielle d\u2019\u00e9changes de contenus et de talents dans le domaine des m\u00e9dias, de la publicit\u00e9 et du num\u00e9rique, a organis\u00e9, en 2018, sa premi\u00e8re convention internationale \u00e0 Marrakech. De plus, l\u2019Union a organis\u00e9, pour la premi\u00e8re fois en mars dernier \u00e0 Paris, un \u00e9v\u00e9nement d\u00e9di\u00e9 aux jeunes talents de la pub. Lors de cette 1\u00e8re \u00e9dition, 22 publicitaires de moins de 30 ans issus de 11 pays diff\u00e9rents ont, comme l\u2019explicite M. Cappe, \u00e9labor\u00e9 des campagnes publicitaires pour sensibiliser l\u2019opinion publique aux \u00abinfox\u00bb. Les candidats \u00e9tant s\u00e9lectionn\u00e9s par un jury compos\u00e9 de dirigeants de m\u00e9dias. <em>\u00abEn mars prochain, 25 patrons de presse du monde seront convi\u00e9s\u00bb,<\/em> encha\u00eene M. Cappe. Pour cette ann\u00e9e, ces infox seront reli\u00e9es au climat comme th\u00e8me retenu, pour ce concours, organis\u00e9 en partenariat avec un h\u00f4tel de renom, qui sera marqu\u00e9 par une grande tourn\u00e9e dans 15 pays du monde. Ainsi, 16 jeunes talents d\u2019agences sont amen\u00e9s \u00e0 concevoir des campagnes publicitaires autour de la question climatique. Aussi, l\u2019autre th\u00e8me choisi \u00e9tant la sant\u00e9 pour endiguer les fausses informations circulant sur les vaccins par exemple.<\/span><\/p>\n<p class=\"p1\"><span class=\"s1\">De plus, ce concours, organis\u00e9 \u00e9galement avec le soutien de l\u2019Institut fran\u00e7ais du Maroc et du Groupement des annonceurs du Maroc, se veut, entre autres, de faire \u00e9merger les nouveaux talents pour les faire exister sur les r\u00e9seaux sociaux et pour leur s\u00e9lection finale au concours des \u00abJeunes talents\u00bb durant la Semaine de la langue fran\u00e7aise et de la francophonie 2020. Ce prix est couronn\u00e9 par la remise de trois prix. Il s\u2019agit, selon M. Cappe, \u00abde la mention sp\u00e9ciale, du prix p\u00e9dagogique et du Grand prix\u00bb.<\/span><\/p>\n<p class=\"p1\"><span class=\"s1\">De son c\u00f4t\u00e9, Nicolas Demeersman, directeur de la cr\u00e9ation chez l\u2019agence Proximity Paris, \u00e9galement artiste, indique : <em>\u00abJe suis heureux d\u2019encadrer l\u2019\u00e9quipe au Maroc\u00bb.<\/em> <em>\u00abNous allons montrer que le Royaume est bien plus fort!\u00bb,<\/em> exalte-t-il.<\/span><\/p>\n<p>Auteur: Salima Guisser<br \/>\n<a href=\"http:\/\/aujourdhui.ma\/culture\/concours-des-jeunes-talents-de-la-publicite-pour-le-climat-a-casablanca-4-agences-de-communication-y-participent\">Cliquez ici pour lire l&rsquo;article depuis sa source.<\/a><\/p>\n","protected":false},"excerpt":{"rendered":"<p>Ce concours se veut, entre autres, de faire \u00e9merger les nouveaux talents pour les faire exister sur les r\u00e9seaux sociaux et pour leur s\u00e9lection finale au concours des \u00abJeunes talents\u00bb durant la Semaine de la langue fran\u00e7aise et de la francophonie 2020. Le concours de \u00abJeunes talents de la publicit\u00e9 pour le climat au Maroc\u00bb, [&hellip;]<\/p>\n","protected":false},"author":1759,"featured_media":0,"comment_status":"closed","ping_status":"closed","sticky":false,"template":"","format":"standard","meta":{"fifu_image_url":"","fifu_image_alt":"","footnotes":""},"categories":[73,54],"tags":[],"class_list":["post-68002","post","type-post","status-publish","format-standard","hentry","category-actualite","category-maroc"],"_links":{"self":[{"href":"https:\/\/linitiative.ca\/International\/wp-json\/wp\/v2\/posts\/68002","targetHints":{"allow":["GET"]}}],"collection":[{"href":"https:\/\/linitiative.ca\/International\/wp-json\/wp\/v2\/posts"}],"about":[{"href":"https:\/\/linitiative.ca\/International\/wp-json\/wp\/v2\/types\/post"}],"author":[{"embeddable":true,"href":"https:\/\/linitiative.ca\/International\/wp-json\/wp\/v2\/users\/1759"}],"replies":[{"embeddable":true,"href":"https:\/\/linitiative.ca\/International\/wp-json\/wp\/v2\/comments?post=68002"}],"version-history":[{"count":0,"href":"https:\/\/linitiative.ca\/International\/wp-json\/wp\/v2\/posts\/68002\/revisions"}],"wp:attachment":[{"href":"https:\/\/linitiative.ca\/International\/wp-json\/wp\/v2\/media?parent=68002"}],"wp:term":[{"taxonomy":"category","embeddable":true,"href":"https:\/\/linitiative.ca\/International\/wp-json\/wp\/v2\/categories?post=68002"},{"taxonomy":"post_tag","embeddable":true,"href":"https:\/\/linitiative.ca\/International\/wp-json\/wp\/v2\/tags?post=68002"}],"curies":[{"name":"wp","href":"https:\/\/api.w.org\/{rel}","templated":true}]}}