{"id":68004,"date":"2019-11-20T08:55:00","date_gmt":"2019-11-20T13:55:00","guid":{"rendered":"https:\/\/linitiative.ca\/International\/khaldoun-bouacida-le-maroc-est-sur-une-tres-belle-lancee-dans-lindustrie-automobile\/"},"modified":"2019-11-20T08:55:00","modified_gmt":"2019-11-20T13:55:00","slug":"khaldoun-bouacida-le-maroc-est-sur-une-tres-belle-lancee-dans-lindustrie-automobile","status":"publish","type":"post","link":"https:\/\/linitiative.ca\/International\/khaldoun-bouacida-le-maroc-est-sur-une-tres-belle-lancee-dans-lindustrie-automobile\/","title":{"rendered":"Khaldoun Bouacida : \u00abLe Maroc est sur une tr\u00e8s belle lanc\u00e9e dans l\u2019industrie automobile\u00bb"},"content":{"rendered":"<p><img decoding=\"async\" class=\"post_layout_5_img\" src=\"http:\/\/aujourdhui.ma\/wp-content\/uploads\/2019\/11\/Khaldoun-Bouacida-directeur-ge%CC%81ne%CC%81ral-Northwest-Africa-Basf.jpg?x29840\" alt=\"Khaldoun Bouacida : \u00abLe Maroc est sur une tr\u00e8s belle lanc\u00e9e dans l\u2019industrie automobile\u00bb\"\/><\/p>\n<p class=\"p1\"><span class=\"c4\"><strong><span class=\"s1\">Entretien avec Khaldoun Bouacida, directeur g\u00e9n\u00e9ral Northwest Africa Basf<\/span><\/strong><\/span><span id=\"more-324012\"\/><\/p>\n<div class=\"base-box mom_box_sc_custom mom_box_sc clear c5\" readability=\"12\">\n<p class=\"p1\"><em><strong>Dans cet entretien, Khaldoun Bouacida parle de l\u2019objectif de l\u2019Automotive innovation day (AID) 2019, dont les travaux viennent d\u2019\u00eatre organis\u00e9s \u00e0 Tanger, ainsi que de la mobilit\u00e9 de demain dans l\u2019industrie automobile.<\/strong><\/em><\/p>\n<\/div>\n<p class=\"p1\"><span class=\"s1\"><strong>ALM : Comment avez-vous eu l\u2019id\u00e9e de l\u2019organisation de cet \u00e9v\u00e9nement ?<\/strong><\/span><\/p>\n<p class=\"p1\"><span class=\"s1\"><strong>Khaldoun Bouacida :<\/strong> Le Maroc est sur une tr\u00e8s belle lanc\u00e9e en termes d\u2019industrie automobile. C\u2019est l\u2019un des plus importants secteurs \u00e9conomiques en termes d\u2019emplois et de revenus. Nous avons pens\u00e9, \u00e0 travers la tenue de l\u2019AID 2019, \u00e0 favoriser le r\u00e9seautage entre les diff\u00e9rents acteurs d\u00e9j\u00e0 existants dans l\u2019industrie automobile, tout en faisant conna\u00eetre la plate-forme Maroc ainsi que sa comp\u00e9titivit\u00e9 et son attractivit\u00e9 dans le secteur.<\/span><\/p>\n<p class=\"p1\"><span class=\"s1\"><strong>Pourquoi avez-vous choisi Tanger comme lieu d\u2019accueil pour cet \u00e9v\u00e9nement ?<\/strong><\/span><\/p>\n<p class=\"p1\"><span class=\"s1\">Tanger b\u00e9n\u00e9ficie de sa position g\u00e9ographique strat\u00e9gique comme porte d\u2019entr\u00e9e de l\u2019Afrique. Elle est devenue le c\u0153ur de l\u2019industrie automobile au Maroc. La ville a connu une importante dynamique d\u2019investissements dans les infrastructures d\u2019accueil et de r\u00e9alisation de plusieurs projets structurels lui permettant d\u2019attirer de grands groupes industriels op\u00e9rant dans le secteur.<\/span><\/p>\n<p class=\"p1\"><span class=\"s1\"><strong>Quel est le th\u00e8me principal de cette journ\u00e9e ?<\/strong><\/span><\/p>\n<p class=\"p1\"><span class=\"s1\">Nous avons voulu avec Tanger Med organiser l\u2019AID 2019 sur l\u2019innovation dans le domaine automobile, et ce pour mieux int\u00e9grer les innovations industrielles automobiles de demain. L\u2019id\u00e9e est de pouvoir communiquer et de s\u2019informer sur ce qui se passe actuellement, notamment en Europe, aux Etats-Unis et en Asie. Il s\u2019agit \u00e9galement de savoir ce qui se passera d\u2019ici dix ou quinze ans.<\/span><\/p>\n<p class=\"p1\"><span class=\"s1\"><strong>Comment la chimie peut-elle r\u00e9volutionner l\u2019industrie automobile dans les dix prochaines ann\u00e9es ?<\/strong><\/span><\/p>\n<p class=\"p1\"><span class=\"s1\">Avant les voitures consommaient entre 10 et 15 litres d\u2019essence. Maintenant et avec l\u2019\u00e9volution de la chimie, elles n\u2019utilisent gr\u00e2ce \u00e0 des additifs que 3 \u00e0 4 litres d\u2019essence. Les voitures deviennent, gr\u00e2ce \u00e0 des solutions plastiques, l\u00e9g\u00e8res et plus performantes. Ce qui nous permet de consommer moins d\u2019\u00e9nergie. Nous constatons que l\u2019utilisation des pigments en peinture des voitures refl\u00e8te le soleil. Il en r\u00e9sulte un usage plus bas de la climatisation et par cons\u00e9quent plus d\u2019\u00e9conomie en carburants.<\/span><\/p>\n<p class=\"p1\"><span class=\"s1\"><strong>Quel est l\u2019apport de votre groupe en mati\u00e8re de mobilit\u00e9 dans l\u2019industrie automobile ?<\/strong><\/span><\/p>\n<p class=\"p1\"><span class=\"s1\">Le Groupe Basf est leader de la chimie que nous cr\u00e9ons pour un avenir durable. Il est d\u00e9veloppeur de batteries de longue dur\u00e9e, qui ne sont pas lourdes et en respect de l\u2019environnement.<span class=\"Apple-converted-space\">\u00a0<\/span> Elles sont renouvelables et peuvent \u00eatre charg\u00e9es 3.000 fois avec une dur\u00e9e de vie allant jusqu\u2019\u00e0 25 ans. Nous sommes conscients de l\u2019apport de la chimie en termes de d\u00e9veloppement de l\u2019industrie automobile, mais aussi de la protection de l\u2019environnement et de la r\u00e9duction de la consommation d\u2019\u00e9nergie.<\/span><\/p>\n<p>Auteur: Najat Fa\u00efssal<br \/>\n<a href=\"http:\/\/aujourdhui.ma\/automobile\/khaldoun-bouacida-le-maroc-est-sur-une-tres-belle-lancee-dans-lindustrie-automobile\">Cliquez ici pour lire l&rsquo;article depuis sa source.<\/a><\/p>\n","protected":false},"excerpt":{"rendered":"<p>Entretien avec Khaldoun Bouacida, directeur g\u00e9n\u00e9ral Northwest Africa Basf Dans cet entretien, Khaldoun Bouacida parle de l\u2019objectif de l\u2019Automotive innovation day (AID) 2019, dont les travaux viennent d\u2019\u00eatre organis\u00e9s \u00e0 Tanger, ainsi que de la mobilit\u00e9 de demain dans l\u2019industrie automobile. ALM : Comment avez-vous eu l\u2019id\u00e9e de l\u2019organisation de cet \u00e9v\u00e9nement ? Khaldoun Bouacida [&hellip;]<\/p>\n","protected":false},"author":1759,"featured_media":0,"comment_status":"closed","ping_status":"closed","sticky":false,"template":"","format":"standard","meta":{"fifu_image_url":"","fifu_image_alt":"","footnotes":""},"categories":[73,54],"tags":[],"class_list":["post-68004","post","type-post","status-publish","format-standard","hentry","category-actualite","category-maroc"],"_links":{"self":[{"href":"https:\/\/linitiative.ca\/International\/wp-json\/wp\/v2\/posts\/68004","targetHints":{"allow":["GET"]}}],"collection":[{"href":"https:\/\/linitiative.ca\/International\/wp-json\/wp\/v2\/posts"}],"about":[{"href":"https:\/\/linitiative.ca\/International\/wp-json\/wp\/v2\/types\/post"}],"author":[{"embeddable":true,"href":"https:\/\/linitiative.ca\/International\/wp-json\/wp\/v2\/users\/1759"}],"replies":[{"embeddable":true,"href":"https:\/\/linitiative.ca\/International\/wp-json\/wp\/v2\/comments?post=68004"}],"version-history":[{"count":0,"href":"https:\/\/linitiative.ca\/International\/wp-json\/wp\/v2\/posts\/68004\/revisions"}],"wp:attachment":[{"href":"https:\/\/linitiative.ca\/International\/wp-json\/wp\/v2\/media?parent=68004"}],"wp:term":[{"taxonomy":"category","embeddable":true,"href":"https:\/\/linitiative.ca\/International\/wp-json\/wp\/v2\/categories?post=68004"},{"taxonomy":"post_tag","embeddable":true,"href":"https:\/\/linitiative.ca\/International\/wp-json\/wp\/v2\/tags?post=68004"}],"curies":[{"name":"wp","href":"https:\/\/api.w.org\/{rel}","templated":true}]}}