{"id":68005,"date":"2019-11-20T05:49:46","date_gmt":"2019-11-20T10:49:46","guid":{"rendered":"https:\/\/linitiative.ca\/International\/depollution-et-environnement\/"},"modified":"2019-11-20T05:49:46","modified_gmt":"2019-11-20T10:49:46","slug":"depollution-et-environnement","status":"publish","type":"post","link":"https:\/\/linitiative.ca\/International\/depollution-et-environnement\/","title":{"rendered":"D\u00e9pollution et environnement"},"content":{"rendered":"<p class=\"has-text-color has-vivid-cyan-blue-color\"><strong>La charte nationale de l\u2019environnement qui rallie la dynamique universelle sur l\u2019acte \u00e9cologique constitue obligation pour toute la soci\u00e9t\u00e9 marocaine. La promulgation de la loi de pr\u00e9servation de l\u2019environnement en est pareillement une illustration claire et forte de ce volontarisme affich\u00e9 dans les sph\u00e8res d\u00e9cisionnelles des institutions supr\u00eames de l\u2019Etat.<\/strong><\/p>\n<p>Un autre projet de loi relatif \u00e0 la protection de l\u2019esp\u00e8ce s\u00e9culaire mythique qu\u2019est l\u2019argane, repr\u00e9sente aussi une volont\u00e9 r\u00e9elle d\u2019entourer ce sp\u00e9cimen fabuleux de toutes les conditions requises de subsistance et de r\u00e9g\u00e9n\u00e9ration.<\/p>\n<p>Paradoxalement \u00e0 toutes ces mesures de haut degr\u00e9 de maturit\u00e9 et de civisme, les atteintes \u00e0 l\u2019essence m\u00eame de la flore nationale ne cessent malheureusement d\u2019hypoth\u00e9quer cet effort magistral et crucifier cette biodiversit\u00e9 \u00e9cologique de haute facture. Emport\u00e9s par ces errements aveugles, des promoteurs immobiliers, dans un souci d\u2019urbaniser \u00e0 outrance, abattent sans rel\u00e2che, des milliers d\u2019arganiers pour \u00e9riger des s\u00e9ries de b\u00e2timents, suscitant un toll\u00e9 dans les milieux naturels, notamment les adeptes de cet arbre embl\u00e9matique qu\u2019est l\u2019arganier, class\u00e9, au c\u00f4t\u00e9 du palmier-dattier comme une r\u00e9serve de biosph\u00e8re par la communaut\u00e9 plan\u00e9taire.<\/p>\n<p>Des dizaines d\u2019hectares d\u2019arganiers sont impitoyablement arrach\u00e9s pour monter la nouvelle fabrique des ciments du Maroc, \u00e0 proximit\u00e9 de la commune rurale d\u2019Imi M\u2019korne, relevant de la province de Chtouka Ait Baha, sans qu\u2019on ne s\u2019y interpose. Nonobstant, il va sans dire non plus que l\u2019an\u00e9antissement de l\u2019arganier est un ph\u00e9nom\u00e8ne qui prend de plus en plus de l\u2019ampleur, malgr\u00e9 les avanc\u00e9es notoires qu\u2019enregistre notre pays en terme de sauvegarde de cet arbre multifonctionnel, avec l\u2019intervention louable des partenaires \u00e9trangers, en particulier l\u2019organisme am\u00e9ricain l\u2019USAID et la fondation germanique la GTZ qui ont mis en place des m\u00e9canismes et des dispositifs performants, en compagnie des ONG locales, f\u00e9d\u00e9r\u00e9es et agissantes.<\/p>\n<p>On se souviendrait comment ces associations, accompagn\u00e9es d\u2019une mobilisation m\u00e9diatique revigor\u00e9e, se sont parvenues \u00e0 dissuader les responsables de l\u2019ONE, lorsqu\u2019ils avaient mis sur orbite la r\u00e9serve de Cap Guir, relevant de la commune rurale de Tamri, o\u00f9 nichent des esp\u00e8ces rares telles l\u2019ibis chauve et le flamant rose,\u00a0 pour y installer une station thermique qui aurait pu occasionner des d\u00e9g\u00e2ts \u00e9cologiques alarmantes.<\/p>\n<p>Cette synergie civique de tout acabit devrait, en fait, se relancer et motiver toutes les bonnes volont\u00e9s en vue de mettre fin \u00e0 tous ces agissements incontr\u00f4l\u00e9s et irr\u00e9fl\u00e9chis de ces saccageurs qui enfreignent toutes les prouesses environnementales nationales l\u00e9gif\u00e9rant les conduites humaines \u00e0 cet \u00e9gard.<\/p>\n<p>Auteur: M&rsquo;hammed rahal<br \/>\n<a href=\"http:\/\/albayane.press.ma\/depollution-et-environnement.html\">Cliquez ici pour lire l&rsquo;article depuis sa source.<\/a><\/p>\n","protected":false},"excerpt":{"rendered":"<p>La charte nationale de l\u2019environnement qui rallie la dynamique universelle sur l\u2019acte \u00e9cologique constitue obligation pour toute la soci\u00e9t\u00e9 marocaine. La promulgation de la loi de pr\u00e9servation de l\u2019environnement en est pareillement une illustration claire et forte de ce volontarisme affich\u00e9 dans les sph\u00e8res d\u00e9cisionnelles des institutions supr\u00eames de l\u2019Etat. Un autre projet de loi [&hellip;]<\/p>\n","protected":false},"author":1760,"featured_media":0,"comment_status":"closed","ping_status":"closed","sticky":false,"template":"","format":"standard","meta":{"fifu_image_url":"","fifu_image_alt":"","footnotes":""},"categories":[73,54],"tags":[],"class_list":["post-68005","post","type-post","status-publish","format-standard","hentry","category-actualite","category-maroc"],"_links":{"self":[{"href":"https:\/\/linitiative.ca\/International\/wp-json\/wp\/v2\/posts\/68005","targetHints":{"allow":["GET"]}}],"collection":[{"href":"https:\/\/linitiative.ca\/International\/wp-json\/wp\/v2\/posts"}],"about":[{"href":"https:\/\/linitiative.ca\/International\/wp-json\/wp\/v2\/types\/post"}],"author":[{"embeddable":true,"href":"https:\/\/linitiative.ca\/International\/wp-json\/wp\/v2\/users\/1760"}],"replies":[{"embeddable":true,"href":"https:\/\/linitiative.ca\/International\/wp-json\/wp\/v2\/comments?post=68005"}],"version-history":[{"count":0,"href":"https:\/\/linitiative.ca\/International\/wp-json\/wp\/v2\/posts\/68005\/revisions"}],"wp:attachment":[{"href":"https:\/\/linitiative.ca\/International\/wp-json\/wp\/v2\/media?parent=68005"}],"wp:term":[{"taxonomy":"category","embeddable":true,"href":"https:\/\/linitiative.ca\/International\/wp-json\/wp\/v2\/categories?post=68005"},{"taxonomy":"post_tag","embeddable":true,"href":"https:\/\/linitiative.ca\/International\/wp-json\/wp\/v2\/tags?post=68005"}],"curies":[{"name":"wp","href":"https:\/\/api.w.org\/{rel}","templated":true}]}}