{"id":68011,"date":"2019-11-20T07:02:56","date_gmt":"2019-11-20T12:02:56","guid":{"rendered":"https:\/\/linitiative.ca\/International\/ministere-de-leducation-un-budget-dont-96-destines-aux-salaires\/"},"modified":"2019-11-20T07:02:56","modified_gmt":"2019-11-20T12:02:56","slug":"ministere-de-leducation-un-budget-dont-96-destines-aux-salaires","status":"publish","type":"post","link":"https:\/\/linitiative.ca\/International\/ministere-de-leducation-un-budget-dont-96-destines-aux-salaires\/","title":{"rendered":"Minist\u00e8re de l\u2019Education : Un budget dont 96% destin\u00e9s aux salaires"},"content":{"rendered":"<p>Le ministre de l\u2019\u00e9ducation Hatem Ben Salem a annonc\u00e9, lundi, que le versement de la prime de la rentr\u00e9e scolaire au profit des enseignants s\u2019effectuera juste apr\u00e8s l\u2019adoption, par l\u2019Assembl\u00e9e des Repr\u00e9sentants du Peuple (ARP), de la loi de finances compl\u00e9mentaire pour l\u2019ann\u00e9e 2019.<\/p>\n<p>Il s\u2019exprimait en marge d\u2019une session de formation organis\u00e9e \u00e0 Hammamet au profit des charg\u00e9s de la planification et du recensement aux commissariats r\u00e9gionaux de l\u2019\u00e9ducation et \u00e0 l\u2019administration centrale sur \u00ab la planification \u00e9ducative et l\u2019\u00e9laboration des strat\u00e9gies r\u00e9gionales de l\u2019\u00e9ducation.<\/p>\n<p>Ben Salem a ajout\u00e9 que la loi de finances compl\u00e9mentaire pr\u00e9voit un montant de 200 millions de dinars au titre de la prime de la rentr\u00e9e scolaire, conform\u00e9ment \u00e0 l\u2019accord conclu entre le gouvernement et l\u2019Union G\u00e9n\u00e9rale Tunisienne du Travail (UGTT) en f\u00e9vrier 2019.<\/p>\n<p>Ben Salem a soulign\u00e9 que l\u2019ARP a adopt\u00e9, ce matin, la composition d\u2019une commission temporaire qui aura pour mission d\u2019examiner le projet de loi de finances compl\u00e9mentaire et le projet de loi de finances pour l\u2019ann\u00e9e 2020.<\/p>\n<p>\u00ab Nous ne sommes pas satisfaits du budget r\u00e9serv\u00e9 au minist\u00e8re de l\u2019Education pour l\u2019exercice 2020 estim\u00e9 \u00e0 6000 millions de dinars soit 13% du budget g\u00e9n\u00e9ral de l\u2019Etat \u00bb, a, d\u2019autre part, d\u00e9clar\u00e9 Ben Salem, soulignant que 96% de ce budget seront consacr\u00e9s aux salaires.<\/p>\n<p>Il a r\u00e9v\u00e9l\u00e9, dans un autre contexte, que 100 jeunes promoteurs entameront, \u00e0 partir de janvier prochain, la construction de plusieurs projets dans certains \u00e9tablissements scolaires moyennant des fonds mobilis\u00e9s par le minist\u00e8re. Il a, dans ce sens, indiqu\u00e9 que les proc\u00e9dures administratives relatives aux march\u00e9s publics restent le plus grand obstacle qui freine la concr\u00e9tisation de tels projets.<\/p>\n<p class=\"dpsp-share-text\">Partager c&rsquo;est aimer!<\/p>\n<div class=\"wp-post-author-wrap wp-post-author-shortcode left\">\n<h3 class=\"awpa-title\"\/>\n<div class=\"wp-post-author\">\n<div class=\"awpa-img awpa-author-block square\"><a href=\"http:\/\/lexpertjournal.net\/fr\/author\/expert\/\"><img loading=\"lazy\" decoding=\"async\" alt=\"\" src=\"http:\/\/2.gravatar.com\/avatar\/56d99be2a6f97af88ccb49fada637fcd?s=150&#038;d=mm&#038;r=g\" srcset=\"http:\/\/2.gravatar.com\/avatar\/56d99be2a6f97af88ccb49fada637fcd?s=300&#038;d=mm&#038;r=g 2x\" class=\"avatar avatar-150 photo\" height=\"150\" width=\"150\"\/><\/a><\/div>\n<\/div>\n<\/div>\n<p>Auteur: L&rsquo;expert<br \/>\n<a href=\"http:\/\/lexpertjournal.net\/fr\/2019\/11\/20\/ministere-de-leducation-un-budget-dont-96-destines-aux-salaires\/\">Cliquez ici pour lire l&rsquo;article depuis sa source.<\/a><\/p>\n","protected":false},"excerpt":{"rendered":"<p>Le ministre de l\u2019\u00e9ducation Hatem Ben Salem a annonc\u00e9, lundi, que le versement de la prime de la rentr\u00e9e scolaire au profit des enseignants s\u2019effectuera juste apr\u00e8s l\u2019adoption, par l\u2019Assembl\u00e9e des Repr\u00e9sentants du Peuple (ARP), de la loi de finances compl\u00e9mentaire pour l\u2019ann\u00e9e 2019. Il s\u2019exprimait en marge d\u2019une session de formation organis\u00e9e \u00e0 Hammamet [&hellip;]<\/p>\n","protected":false},"author":1775,"featured_media":0,"comment_status":"closed","ping_status":"closed","sticky":false,"template":"","format":"standard","meta":{"fifu_image_url":"","fifu_image_alt":"","footnotes":""},"categories":[78,55],"tags":[],"class_list":["post-68011","post","type-post","status-publish","format-standard","hentry","category-economie","category-tunisie"],"_links":{"self":[{"href":"https:\/\/linitiative.ca\/International\/wp-json\/wp\/v2\/posts\/68011","targetHints":{"allow":["GET"]}}],"collection":[{"href":"https:\/\/linitiative.ca\/International\/wp-json\/wp\/v2\/posts"}],"about":[{"href":"https:\/\/linitiative.ca\/International\/wp-json\/wp\/v2\/types\/post"}],"author":[{"embeddable":true,"href":"https:\/\/linitiative.ca\/International\/wp-json\/wp\/v2\/users\/1775"}],"replies":[{"embeddable":true,"href":"https:\/\/linitiative.ca\/International\/wp-json\/wp\/v2\/comments?post=68011"}],"version-history":[{"count":0,"href":"https:\/\/linitiative.ca\/International\/wp-json\/wp\/v2\/posts\/68011\/revisions"}],"wp:attachment":[{"href":"https:\/\/linitiative.ca\/International\/wp-json\/wp\/v2\/media?parent=68011"}],"wp:term":[{"taxonomy":"category","embeddable":true,"href":"https:\/\/linitiative.ca\/International\/wp-json\/wp\/v2\/categories?post=68011"},{"taxonomy":"post_tag","embeddable":true,"href":"https:\/\/linitiative.ca\/International\/wp-json\/wp\/v2\/tags?post=68011"}],"curies":[{"name":"wp","href":"https:\/\/api.w.org\/{rel}","templated":true}]}}