{"id":68012,"date":"2019-11-20T07:05:28","date_gmt":"2019-11-20T12:05:28","guid":{"rendered":"https:\/\/linitiative.ca\/International\/culture-entrepreneuriale-2eme-concours-national-de-linvention-en-fevrier\/"},"modified":"2019-11-20T07:05:28","modified_gmt":"2019-11-20T12:05:28","slug":"culture-entrepreneuriale-2eme-concours-national-de-linvention-en-fevrier","status":"publish","type":"post","link":"https:\/\/linitiative.ca\/International\/culture-entrepreneuriale-2eme-concours-national-de-linvention-en-fevrier\/","title":{"rendered":"Culture entrepreneuriale : 2\u00e8me Concours National de l\u2019Invention en f\u00e9vrier"},"content":{"rendered":"<p>La 2\u00e8me \u00e9dition du Concours National de l\u2019Invention &#038; Le 1er Salon des Inventeurs M\u00e9diterran\u00e9ens, seront organis\u00e9s \u00e0 Tunis, \u00e0 l\u2019occasion de la 2\u00e8me \u00e9dition de la manifestation \u00ab Smart Industrie \u00bb (les 19 et 20 f\u00e9vrier 2020), selon le site de l\u2019Agence de Promotion de l\u2019Industrie et de l\u2019Innovation (APII).<\/p>\n<p>Ces deux \u00e9v\u00e9nements, visent \u00e0 promouvoir et d\u00e9velopper la culture entrepreneuriale chez les inventeurs et les chercheurs. Ils sont organis\u00e9s par l\u2019APII, sous l\u2019\u00e9gide du Minist\u00e8re de l\u2019Industrie et des PME, en partenariat avec l\u2019INNORPI, en collaboration avec le Minist\u00e8re de l\u2019Enseignement Sup\u00e9rieur et de la Recherche Scientifique et l\u2019Association Tunisienne des Inventeurs (ATI), en coordination avec l\u2019UTICA.<\/p>\n<p>Pour le 1er Salon des Inventeurs M\u00e9diterran\u00e9ens, des stands seront mis gratuitement, \u00e0 disposition des inventeurs m\u00e9diterran\u00e9ens, voulant pr\u00e9senter leur invention et participer \u00e0 la s\u00e9lection finale des laur\u00e9ats de la 2\u00e8me \u00e9dition du Concours National de l\u2019invention.<\/p>\n<p class=\"dpsp-share-text\">Partager c&rsquo;est aimer!<\/p>\n<div class=\"wp-post-author-wrap wp-post-author-shortcode left\">\n<h3 class=\"awpa-title\"\/>\n<div class=\"wp-post-author\">\n<div class=\"awpa-img awpa-author-block square\"><a href=\"http:\/\/lexpertjournal.net\/fr\/author\/expert\/\"><img loading=\"lazy\" decoding=\"async\" alt=\"\" src=\"http:\/\/2.gravatar.com\/avatar\/56d99be2a6f97af88ccb49fada637fcd?s=150&#038;d=mm&#038;r=g\" srcset=\"http:\/\/2.gravatar.com\/avatar\/56d99be2a6f97af88ccb49fada637fcd?s=300&#038;d=mm&#038;r=g 2x\" class=\"avatar avatar-150 photo\" height=\"150\" width=\"150\"\/><\/a><\/div>\n<\/div>\n<\/div>\n<p>Auteur: L&rsquo;expert<br \/>\n<a href=\"http:\/\/lexpertjournal.net\/fr\/2019\/11\/20\/culture-entrepreneuriale-2eme-concours-national-de-linvention-en-fevrier\/\">Cliquez ici pour lire l&rsquo;article depuis sa source.<\/a><\/p>\n","protected":false},"excerpt":{"rendered":"<p>La 2\u00e8me \u00e9dition du Concours National de l\u2019Invention &#038; Le 1er Salon des Inventeurs M\u00e9diterran\u00e9ens, seront organis\u00e9s \u00e0 Tunis, \u00e0 l\u2019occasion de la 2\u00e8me \u00e9dition de la manifestation \u00ab Smart Industrie \u00bb (les 19 et 20 f\u00e9vrier 2020), selon le site de l\u2019Agence de Promotion de l\u2019Industrie et de l\u2019Innovation (APII). Ces deux \u00e9v\u00e9nements, visent [&hellip;]<\/p>\n","protected":false},"author":1775,"featured_media":0,"comment_status":"closed","ping_status":"closed","sticky":false,"template":"","format":"standard","meta":{"fifu_image_url":"","fifu_image_alt":"","footnotes":""},"categories":[78,55],"tags":[],"class_list":["post-68012","post","type-post","status-publish","format-standard","hentry","category-economie","category-tunisie"],"_links":{"self":[{"href":"https:\/\/linitiative.ca\/International\/wp-json\/wp\/v2\/posts\/68012","targetHints":{"allow":["GET"]}}],"collection":[{"href":"https:\/\/linitiative.ca\/International\/wp-json\/wp\/v2\/posts"}],"about":[{"href":"https:\/\/linitiative.ca\/International\/wp-json\/wp\/v2\/types\/post"}],"author":[{"embeddable":true,"href":"https:\/\/linitiative.ca\/International\/wp-json\/wp\/v2\/users\/1775"}],"replies":[{"embeddable":true,"href":"https:\/\/linitiative.ca\/International\/wp-json\/wp\/v2\/comments?post=68012"}],"version-history":[{"count":0,"href":"https:\/\/linitiative.ca\/International\/wp-json\/wp\/v2\/posts\/68012\/revisions"}],"wp:attachment":[{"href":"https:\/\/linitiative.ca\/International\/wp-json\/wp\/v2\/media?parent=68012"}],"wp:term":[{"taxonomy":"category","embeddable":true,"href":"https:\/\/linitiative.ca\/International\/wp-json\/wp\/v2\/categories?post=68012"},{"taxonomy":"post_tag","embeddable":true,"href":"https:\/\/linitiative.ca\/International\/wp-json\/wp\/v2\/tags?post=68012"}],"curies":[{"name":"wp","href":"https:\/\/api.w.org\/{rel}","templated":true}]}}