{"id":68014,"date":"2019-11-20T07:09:43","date_gmt":"2019-11-20T12:09:43","guid":{"rendered":"https:\/\/linitiative.ca\/International\/formation-du-gouvernement-le-chef-du-gouvernement-designe-entame-les-concertations\/"},"modified":"2019-11-20T07:09:43","modified_gmt":"2019-11-20T12:09:43","slug":"formation-du-gouvernement-le-chef-du-gouvernement-designe-entame-les-concertations","status":"publish","type":"post","link":"https:\/\/linitiative.ca\/International\/formation-du-gouvernement-le-chef-du-gouvernement-designe-entame-les-concertations\/","title":{"rendered":"Formation du gouvernement : Le chef du gouvernement d\u00e9sign\u00e9 entame les concertations"},"content":{"rendered":"<p>Le chef du gouvernement d\u00e9sign\u00e9, Habib Jemli a entam\u00e9 hier \u00e0 Dar Dhiafa \u00e0 Carthage, les concertations officielles pour la formation du gouvernement en recevant une d\u00e9l\u00e9gation du parti Qalb Toun\u00e8s, conduite par Nabil Karoui.<\/p>\n<p>Peu avant le lancement des concertations, Habib Jemli a d\u00e9clar\u00e9 qu\u2019il rencontrera dans une premi\u00e8re \u00e9tape les repr\u00e9sentants des partis puis, dans une seconde \u00e9tape, ceux des organisations nationales ainsi que des comp\u00e9tences nationales.<\/p>\n<p>Dans des d\u00e9clarations m\u00e9diatiques pr\u00e9c\u00e9dentes, le chef du gouvernement d\u00e9sign\u00e9 avait affirm\u00e9 que ces concertations \u00ab concernent tous les partis sans exception sauf ceux qui s\u2019excluent eux-m\u00eames \u00bb. Elles seront men\u00e9es selon le nombre de si\u00e8ges obtenus au parlement. \u00ab La comp\u00e9tence et l\u2019int\u00e9grit\u00e9 seront les crit\u00e8res de choix des membres du nouveau gouvernement \u00bb, a-t-il dit.<\/p>\n<p>Pour sa part, le pr\u00e9sident d\u2019Ennahdha, Rached Ghannouchi- parti ayant propos\u00e9 la candidature d\u2019Habib Jemli pour la formation du nouveau gouvernement- a indiqu\u00e9 que \u00ab selon ses propres estimations, Qalb Toun\u00e8s n\u2019\u00e9tait pas concern\u00e9 par la participation au gouvernement en concr\u00e9tisation des promesses faites avant par le mouvement \u00bb.<\/p>\n<p>Le porte-parole d\u2019Ennahdha, Imed Kh\u00e9miri a affirm\u00e9, quant \u00e0 lui, que son parti \u00ab n\u2019est pas en n\u00e9gociation avec Qalb Toun\u00e8s et n\u2019engagera pas des n\u00e9gociations avec lui \u00bb. \u00ab C\u2019est au chef du gouvernement d\u00e9sign\u00e9 de mener des concertations avec les parties politiques pour la formation d\u2019un gouvernement de comp\u00e9tences \u00bb, a-t-il fait valoir.<\/p>\n<p class=\"dpsp-share-text\">Partager c&rsquo;est aimer!<\/p>\n<div class=\"wp-post-author-wrap wp-post-author-shortcode left\">\n<h3 class=\"awpa-title\"\/>\n<div class=\"wp-post-author\">\n<div class=\"awpa-img awpa-author-block square\"><a href=\"http:\/\/lexpertjournal.net\/fr\/author\/expert\/\"><img loading=\"lazy\" decoding=\"async\" alt=\"\" src=\"http:\/\/2.gravatar.com\/avatar\/56d99be2a6f97af88ccb49fada637fcd?s=150&#038;d=mm&#038;r=g\" srcset=\"http:\/\/2.gravatar.com\/avatar\/56d99be2a6f97af88ccb49fada637fcd?s=300&#038;d=mm&#038;r=g 2x\" class=\"avatar avatar-150 photo\" height=\"150\" width=\"150\"\/><\/a><\/div>\n<\/div>\n<\/div>\n<p>Auteur: L&rsquo;expert<br \/>\n<a href=\"http:\/\/lexpertjournal.net\/fr\/2019\/11\/20\/formation-du-gouvernement-le-chef-du-gouvernement-designe-entame-les-concertations\/\">Cliquez ici pour lire l&rsquo;article depuis sa source.<\/a><\/p>\n","protected":false},"excerpt":{"rendered":"<p>Le chef du gouvernement d\u00e9sign\u00e9, Habib Jemli a entam\u00e9 hier \u00e0 Dar Dhiafa \u00e0 Carthage, les concertations officielles pour la formation du gouvernement en recevant une d\u00e9l\u00e9gation du parti Qalb Toun\u00e8s, conduite par Nabil Karoui. Peu avant le lancement des concertations, Habib Jemli a d\u00e9clar\u00e9 qu\u2019il rencontrera dans une premi\u00e8re \u00e9tape les repr\u00e9sentants des partis [&hellip;]<\/p>\n","protected":false},"author":1775,"featured_media":0,"comment_status":"closed","ping_status":"closed","sticky":false,"template":"","format":"standard","meta":{"fifu_image_url":"","fifu_image_alt":"","footnotes":""},"categories":[78,55],"tags":[],"class_list":["post-68014","post","type-post","status-publish","format-standard","hentry","category-economie","category-tunisie"],"_links":{"self":[{"href":"https:\/\/linitiative.ca\/International\/wp-json\/wp\/v2\/posts\/68014","targetHints":{"allow":["GET"]}}],"collection":[{"href":"https:\/\/linitiative.ca\/International\/wp-json\/wp\/v2\/posts"}],"about":[{"href":"https:\/\/linitiative.ca\/International\/wp-json\/wp\/v2\/types\/post"}],"author":[{"embeddable":true,"href":"https:\/\/linitiative.ca\/International\/wp-json\/wp\/v2\/users\/1775"}],"replies":[{"embeddable":true,"href":"https:\/\/linitiative.ca\/International\/wp-json\/wp\/v2\/comments?post=68014"}],"version-history":[{"count":0,"href":"https:\/\/linitiative.ca\/International\/wp-json\/wp\/v2\/posts\/68014\/revisions"}],"wp:attachment":[{"href":"https:\/\/linitiative.ca\/International\/wp-json\/wp\/v2\/media?parent=68014"}],"wp:term":[{"taxonomy":"category","embeddable":true,"href":"https:\/\/linitiative.ca\/International\/wp-json\/wp\/v2\/categories?post=68014"},{"taxonomy":"post_tag","embeddable":true,"href":"https:\/\/linitiative.ca\/International\/wp-json\/wp\/v2\/tags?post=68014"}],"curies":[{"name":"wp","href":"https:\/\/api.w.org\/{rel}","templated":true}]}}