{"id":68015,"date":"2019-11-20T13:02:19","date_gmt":"2019-11-20T18:02:19","guid":{"rendered":"https:\/\/linitiative.ca\/International\/forum-de-lunesco-rabehi-releve-limportance-accordee-par-lalgerie-a-la-culture\/"},"modified":"2019-11-20T13:02:19","modified_gmt":"2019-11-20T18:02:19","slug":"forum-de-lunesco-rabehi-releve-limportance-accordee-par-lalgerie-a-la-culture","status":"publish","type":"post","link":"https:\/\/linitiative.ca\/International\/forum-de-lunesco-rabehi-releve-limportance-accordee-par-lalgerie-a-la-culture\/","title":{"rendered":"Forum de l&rsquo;Unesco: Rabehi rel\u00e8ve l\u2019importance accord\u00e9e par l&rsquo;Alg\u00e9rie \u00e0 la culture"},"content":{"rendered":"<div readability=\"41\">\n<p>PARIS &#8211; Le ministre de la Communication, porte-parole du gouvernement, ministre de la Culture par int\u00e9rim, Hassen Rabehi, a pr\u00e9sent\u00e9, mardi \u00e0 Paris, la politique culturelle de l&rsquo;Alg\u00e9rie, soulignant l\u2019importance accord\u00e9e par les pouvoirs publics \u00e0 ce domaine.<\/p>\n<\/div>\n<div readability=\"95\">\n<p>Dans le cadre d\u2019une interaction entre les ministres de la Culture et afin de consolider les \u00e9changes et la coop\u00e9ration, M. Rabehi a assist\u00e9 en qualit\u00e9 de repr\u00e9sentant de l\u2019Alg\u00e9rie au Forum des ministres de la Culture des pays membres de l\u2019Unesco qui se tient tous les deux ans.<\/p>\n<p>Il a fait valoir, \u00e0 cette occasion, l\u2019importance accord\u00e9e par les pouvoirs publics \u00e0 la culture.<\/p>\n<blockquote readability=\"11\">\n<p><em><strong>Dans son intervention autour d\u2019un panel auquel ont particip\u00e9 plusieurs ministres, M. Rabehi a fait remarquer que la Constitution alg\u00e9rienne \u00ab\u00a0consacre le principe du droit \u00e0 la culture en conformit\u00e9 avec les fondements de la D\u00e9claration universelle des Droits de l\u2019Homme\u00a0\u00bb, soulignant qu&rsquo;en Alg\u00e9rie, \u00ab\u00a0l\u2019ensemble des citoyens ont acc\u00e8s \u00e0 ce droit en consid\u00e9ration des principes de l\u2019\u00e9galit\u00e9 des chances et de la reconnaissance de la diversit\u00e9 culturelle comme source de richesses et facteur contribuant \u00e0 la coh\u00e9sion sociale et au progr\u00e8s\u00a0\u00bb.<\/strong><\/em><\/p>\n<\/blockquote>\n<p>Le droit \u00e0 la culture, a-t-il ajout\u00e9, \u00ab\u00a0favorise le dialogue et cr\u00e9e des passerelles entre les diff\u00e9rentes composantes identitaires et les diverses expressions culturelles\u00a0\u00bb.<\/p>\n<p>La politique culturelle de l&rsquo;Etat alg\u00e9rien, a-t-il relev\u00e9, \u00ab\u00a0se nourrit des principes et se traduit par la libert\u00e9 d\u2019expression, d&rsquo;innovation de cr\u00e9ation et d\u2019association, la cons\u00e9cration de la langue amazigh, langue nationale et officielle au m\u00eame titre que la langue arabe et l\u2019institutionnalisation de plus de 170 festivals locaux, nationaux et internationaux, couvrant la diversit\u00e9 et les diff\u00e9rentes expressions culturelles\u00a0\u00bb.<\/p>\n<p>Il a rappel\u00e9, \u00e0 ce propos, que l&rsquo;Etat \u00ab\u00a0accorde des soutiens financiers aux associations \u00e0 vocation culturelle\u00a0\u00bb.<\/p>\n<blockquote readability=\"12\">\n<p><em><strong>Il a \u00e9t\u00e9 proc\u00e9d\u00e9 \u00e9galement \u00e0 \u00ab\u00a0l\u2019enregistrement du patrimoine de musique lyrique et des traditions populaires, tout comme \u00e0 l\u2019\u00e9dition et la r\u00e9\u00e9dition des livres portant sur le patrimoine culturel\u00a0\u00bb, a-t-il mentionn\u00e9, ajoutant que \u00ab\u00a0des moyens financiers ont \u00e9t\u00e9 allou\u00e9s par l\u2019Etat \u00e0 la restauration des sites historiques et ceux pr\u00e9sentant une valeur culturelle, ainsi que l&rsquo;inscription de sept (7) formes d\u2019expressionculturelle sur la liste du patrimoine immat\u00e9riel de l\u2019humanit\u00e9\u00a0\u00bb.<\/strong><\/em><\/p>\n<\/blockquote>\n<p>Rabehi a aussi rappel\u00e9 qu&rsquo;\u00e0 l\u2019initiative de l\u2019Alg\u00e9rie, la journ\u00e9e du 16 mai a \u00e9t\u00e9 proclam\u00e9e journ\u00e9e mondiale du \u00ab\u00a0vivre ensemble en paix\u00a0\u00bb et que l&rsquo;Alg\u00e9rie a particip\u00e9 et a accueilli \u00e0 son tour plusieurs manifestations culturelles, ce qui s\u2019av\u00e8re, a-t-il dit, \u00ab\u00a0\u00eatre des opportunit\u00e9s idoines pour la consolidation des relations amicales et pour l\u2019\u00e9tablissement d\u2019un partenariat b\u00e9n\u00e9fique\u00a0\u00bb.<\/p>\n<blockquote readability=\"12\">\n<p><em><strong>L\u2019Alg\u00e9rie a organis\u00e9 de grandes manifestations d\u2019importances r\u00e9gionales et internationales, a-t-il fait savoir, citant notamment \u00ab\u00a0Tlemcen, Capitale de la culture islamique\u00a0\u00bb, \u00ab\u00a0Constantine Capitale de la culture arabe\u00a0\u00bb, ainsi que les festivals panafricains et autres.<\/strong><\/em><\/p>\n<\/blockquote>\n<p>Il a ajout\u00e9 que l\u2019Alg\u00e9rie, qui est membre d\u2019organisations culturelles internationales, \u00e0 l\u2019instar de l\u2019Unesco, \u00ab\u00a0remercie les Etats amis ayant apport\u00e9 leur savoir et leur expertise au profit des projets culturels structurants en Alg\u00e9rie\u00a0\u00bb.<\/p>\n<p>L\u2019Alg\u00e9rie \u00ab\u00a0a contribu\u00e9 grandement \u00e0 la formation des ressources humaines de plusieurs pays dans les diff\u00e9rentes disciplines culturelles\u00a0\u00bb, a-t-il conclu.<\/p>\n<\/div>\n<p>Auteur:<br \/>\n<a href=\"http:\/\/www.aps.dz\/culture\/97758-forum-de-l-unesco-rabehi-releve-l-importance-accordee-par-l-algerie-a-la-culture\">Cliquez ici pour lire l&rsquo;article depuis sa source.<\/a><\/p>\n","protected":false},"excerpt":{"rendered":"<p>PARIS &#8211; Le ministre de la Communication, porte-parole du gouvernement, ministre de la Culture par int\u00e9rim, Hassen Rabehi, a pr\u00e9sent\u00e9, mardi \u00e0 Paris, la politique culturelle de l&rsquo;Alg\u00e9rie, soulignant l\u2019importance accord\u00e9e par les pouvoirs publics \u00e0 ce domaine. Dans le cadre d\u2019une interaction entre les ministres de la Culture et afin de consolider les \u00e9changes [&hellip;]<\/p>\n","protected":false},"author":1790,"featured_media":0,"comment_status":"closed","ping_status":"closed","sticky":false,"template":"","format":"standard","meta":{"fifu_image_url":"","fifu_image_alt":"","footnotes":""},"categories":[53,79],"tags":[],"class_list":["post-68015","post","type-post","status-publish","format-standard","hentry","category-algerie","category-culture"],"_links":{"self":[{"href":"https:\/\/linitiative.ca\/International\/wp-json\/wp\/v2\/posts\/68015","targetHints":{"allow":["GET"]}}],"collection":[{"href":"https:\/\/linitiative.ca\/International\/wp-json\/wp\/v2\/posts"}],"about":[{"href":"https:\/\/linitiative.ca\/International\/wp-json\/wp\/v2\/types\/post"}],"author":[{"embeddable":true,"href":"https:\/\/linitiative.ca\/International\/wp-json\/wp\/v2\/users\/1790"}],"replies":[{"embeddable":true,"href":"https:\/\/linitiative.ca\/International\/wp-json\/wp\/v2\/comments?post=68015"}],"version-history":[{"count":0,"href":"https:\/\/linitiative.ca\/International\/wp-json\/wp\/v2\/posts\/68015\/revisions"}],"wp:attachment":[{"href":"https:\/\/linitiative.ca\/International\/wp-json\/wp\/v2\/media?parent=68015"}],"wp:term":[{"taxonomy":"category","embeddable":true,"href":"https:\/\/linitiative.ca\/International\/wp-json\/wp\/v2\/categories?post=68015"},{"taxonomy":"post_tag","embeddable":true,"href":"https:\/\/linitiative.ca\/International\/wp-json\/wp\/v2\/tags?post=68015"}],"curies":[{"name":"wp","href":"https:\/\/api.w.org\/{rel}","templated":true}]}}