{"id":68018,"date":"2019-11-20T05:00:00","date_gmt":"2019-11-20T10:00:00","guid":{"rendered":"https:\/\/linitiative.ca\/International\/le-burkina-faso-destination-dangereuse-selon-le-quai-dorsay\/"},"modified":"2019-11-20T05:00:00","modified_gmt":"2019-11-20T10:00:00","slug":"le-burkina-faso-destination-dangereuse-selon-le-quai-dorsay","status":"publish","type":"post","link":"https:\/\/linitiative.ca\/International\/le-burkina-faso-destination-dangereuse-selon-le-quai-dorsay\/","title":{"rendered":"Le Burkina Faso, \u201cdestination dangereuse\u201d, selon le Quai d&rsquo;Orsay"},"content":{"rendered":"<div id=\"originalText\" readability=\"54\">\n<p>Le Burkina Faso, en proie depuis 2015 \u00e0 des attaques terroristes r\u00e9currentes, est d\u00e9sormais enti\u00e8rement \u201cd\u00e9conseill\u00e9 pour les voyageurs, sauf raison imp\u00e9rative\u201d ou \u201cformellement d\u00e9conseill\u00e9\u201d par le minist\u00e8re fran\u00e7ais des Affaires \u00e9trang\u00e8res. Le Quai d&rsquo;Orsay a actualis\u00e9 sa carte de conseils aux voyageurs sur le Burkina Faso et d\u00e9sormais la zone rouge (formellement d\u00e9conseill\u00e9e) a \u00e9t\u00e9 \u00e9tendue couvrant tout le Nord, l&rsquo;Est et les fronti\u00e8res Ouest alors que le reste du pays est d\u00e9sormais orange (d\u00e9conseill\u00e9 sauf raison imp\u00e9rative).\u00a0\u00a0<\/p>\n<p>Le 15 novembre, l&rsquo;\u00e9tat-major burkinab\u00e8 a adress\u00e9 une correspondance \u00e0 l&rsquo;attach\u00e9 de d\u00e9fense fran\u00e7ais lui demandant d&rsquo;avertir de tout d\u00e9placement d&rsquo;avions 48 heures \u00e0 l&rsquo;avance, sinon ils seront consid\u00e9r\u00e9s \u201ccomme ennemis\u201d.\u00a0 Le document sign\u00e9 du chef d&rsquo;\u00e9tat-major le g\u00e9nral de brigade, Mo\u00efse Minindou, avertit que les a\u00e9ronefs non identifi\u00e9s qui survolent des bases et zones d&rsquo;op\u00e9ration seront, \u00e0 travers des instructions qui ont \u00e9t\u00e9 donn\u00e9es aux unit\u00e9s d\u00e9ploy\u00e9es, consid\u00e9r\u00e9s comme ennemis et trait\u00e9s comme tels. Selon le lieutenant-colonel burkinab\u00e8, Ismael Diouari, il s&rsquo;agit \u201cd&rsquo;une lettre adress\u00e9e \u00e0 tous les attach\u00e9s de d\u00e9fense \u00e9trangers et pas seulement \u00e0 la France\u201d.\u00a0<br \/>Outre la France, qui a des drones et des Mirage qui op\u00e8rent sur la zone, les Am\u00e9ricains ont \u00e9galement des drones arm\u00e9s qui survolent \u00e9galement le Sahel.\u00a0<br \/>\u00a0<\/p>\n<\/div>\n<div id=\"text_core\" readability=\"54\">\n<p>Le Burkina Faso, en proie depuis 2015 \u00e0 des attaques terroristes r\u00e9currentes, est d\u00e9sormais enti\u00e8rement \u201cd\u00e9conseill\u00e9 pour les voyageurs, sauf raison imp\u00e9rative\u201d ou \u201cformellement d\u00e9conseill\u00e9\u201d par le minist\u00e8re fran\u00e7ais des Affaires \u00e9trang\u00e8res. Le Quai d&rsquo;Orsay a actualis\u00e9 sa carte de conseils aux voyageurs sur le Burkina Faso et d\u00e9sormais la zone rouge (formellement d\u00e9conseill\u00e9e) a \u00e9t\u00e9 \u00e9tendue couvrant tout le Nord, l&rsquo;Est et les fronti\u00e8res Ouest alors que le reste du pays est d\u00e9sormais orange (d\u00e9conseill\u00e9 sauf raison imp\u00e9rative).\u00a0\u00a0<\/p>\n<p>Le 15 novembre, l&rsquo;\u00e9tat-major burkinab\u00e8 a adress\u00e9 une correspondance \u00e0 l&rsquo;attach\u00e9 de d\u00e9fense fran\u00e7ais lui demandant d&rsquo;avertir de tout d\u00e9placement d&rsquo;avions 48 heures \u00e0 l&rsquo;avance, sinon ils seront consid\u00e9r\u00e9s \u201ccomme ennemis\u201d.\u00a0 Le document sign\u00e9 du chef d&rsquo;\u00e9tat-major le g\u00e9nral de brigade, Mo\u00efse Minindou, avertit que les a\u00e9ronefs non identifi\u00e9s qui survolent des bases et zones d&rsquo;op\u00e9ration seront, \u00e0 travers des instructions qui ont \u00e9t\u00e9 donn\u00e9es aux unit\u00e9s d\u00e9ploy\u00e9es, consid\u00e9r\u00e9s comme ennemis et trait\u00e9s comme tels. Selon le lieutenant-colonel burkinab\u00e8, Ismael Diouari, il s&rsquo;agit \u201cd&rsquo;une lettre adress\u00e9e \u00e0 tous les attach\u00e9s de d\u00e9fense \u00e9trangers et pas seulement \u00e0 la France\u201d.\u00a0<br \/>Outre la France, qui a des drones et des Mirage qui op\u00e8rent sur la zone, les Am\u00e9ricains ont \u00e9galement des drones arm\u00e9s qui survolent \u00e9galement le Sahel.\u00a0<br \/>\u00a0<\/p>\n<\/div>\n<p>Auteur:<br \/>\n<a href=\"https:\/\/www.liberte-algerie.com\/actualite\/le-burkina-faso-destination-dangereuse-selon-le-quai-dorsay-328448\">Cliquez ici pour lire l&rsquo;article depuis sa source.<\/a><\/p>\n","protected":false},"excerpt":{"rendered":"<p>Le Burkina Faso, en proie depuis 2015 \u00e0 des attaques terroristes r\u00e9currentes, est d\u00e9sormais enti\u00e8rement \u201cd\u00e9conseill\u00e9 pour les voyageurs, sauf raison imp\u00e9rative\u201d ou \u201cformellement d\u00e9conseill\u00e9\u201d par le minist\u00e8re fran\u00e7ais des Affaires \u00e9trang\u00e8res. Le Quai d&rsquo;Orsay a actualis\u00e9 sa carte de conseils aux voyageurs sur le Burkina Faso et d\u00e9sormais la zone rouge (formellement d\u00e9conseill\u00e9e) a [&hellip;]<\/p>\n","protected":false},"author":1742,"featured_media":0,"comment_status":"closed","ping_status":"closed","sticky":false,"template":"","format":"standard","meta":{"fifu_image_url":"","fifu_image_alt":"","footnotes":""},"categories":[73,53],"tags":[],"class_list":["post-68018","post","type-post","status-publish","format-standard","hentry","category-actualite","category-algerie"],"_links":{"self":[{"href":"https:\/\/linitiative.ca\/International\/wp-json\/wp\/v2\/posts\/68018","targetHints":{"allow":["GET"]}}],"collection":[{"href":"https:\/\/linitiative.ca\/International\/wp-json\/wp\/v2\/posts"}],"about":[{"href":"https:\/\/linitiative.ca\/International\/wp-json\/wp\/v2\/types\/post"}],"author":[{"embeddable":true,"href":"https:\/\/linitiative.ca\/International\/wp-json\/wp\/v2\/users\/1742"}],"replies":[{"embeddable":true,"href":"https:\/\/linitiative.ca\/International\/wp-json\/wp\/v2\/comments?post=68018"}],"version-history":[{"count":0,"href":"https:\/\/linitiative.ca\/International\/wp-json\/wp\/v2\/posts\/68018\/revisions"}],"wp:attachment":[{"href":"https:\/\/linitiative.ca\/International\/wp-json\/wp\/v2\/media?parent=68018"}],"wp:term":[{"taxonomy":"category","embeddable":true,"href":"https:\/\/linitiative.ca\/International\/wp-json\/wp\/v2\/categories?post=68018"},{"taxonomy":"post_tag","embeddable":true,"href":"https:\/\/linitiative.ca\/International\/wp-json\/wp\/v2\/tags?post=68018"}],"curies":[{"name":"wp","href":"https:\/\/api.w.org\/{rel}","templated":true}]}}