{"id":68021,"date":"2019-11-20T08:01:00","date_gmt":"2019-11-20T13:01:00","guid":{"rendered":"https:\/\/linitiative.ca\/International\/le-directeur-de-campagne-de-ali-benflis-a-tizi-ouzou-demissionne\/"},"modified":"2019-11-20T08:01:00","modified_gmt":"2019-11-20T13:01:00","slug":"le-directeur-de-campagne-de-ali-benflis-a-tizi-ouzou-demissionne","status":"publish","type":"post","link":"https:\/\/linitiative.ca\/International\/le-directeur-de-campagne-de-ali-benflis-a-tizi-ouzou-demissionne\/","title":{"rendered":"Le directeur de campagne de Ali Benflis \u00e0 Tizi Ouzou d\u00e9missionne"},"content":{"rendered":"<div id=\"originalText\" readability=\"42.0047732697\">\n<p>Saadi Hanouti, directeur de compagne du candidat \u00e0 la prochaine pr\u00e9sidentielle du 12 d\u00e9cembre, Ali Benflis, \u00e0 Tizi Ouzou a d\u00e9missionn\u00e9 de son poste, ce mercredi.<\/p>\n<p>Selon des sources proches de Saadi Hanouti, la d\u00e9mission serait visiblement due \u00e0 la pression populaire. Pour l\u2019heure, le service de communication du parti <a href=\"https:\/\/www.liberte-algerie.com\/actualite\/benflis-sortie-tendue-a-blida-328471?fbclid=IwAR0b6n8zSlr2UBnJFaY7t19EjTJKTxM0DVB0vr2hCscAEUQ8dVb9GjPwoLg\" target=\"_blank\" rel=\"noopener noreferrer\"><span class=\"c6\">Talaie El Hourriyet<\/span><\/a>, n\u2019a toujours pas communiqu\u00e9 sur cette d\u00e9mission.<\/p>\n<p class=\"c7\"><strong>R\u00e9daction Web<\/strong><\/p>\n<\/div>\n<div id=\"text_core\" readability=\"42.0047732697\">\n<p>Saadi Hanouti, directeur de compagne du candidat \u00e0 la prochaine pr\u00e9sidentielle du 12 d\u00e9cembre, Ali Benflis, \u00e0 Tizi Ouzou a d\u00e9missionn\u00e9 de son poste, ce mercredi.<\/p>\n<p>Selon des sources proches de Saadi Hanouti, la d\u00e9mission serait visiblement due \u00e0 la pression populaire. Pour l\u2019heure, le service de communication du parti <a href=\"https:\/\/www.liberte-algerie.com\/actualite\/benflis-sortie-tendue-a-blida-328471?fbclid=IwAR0b6n8zSlr2UBnJFaY7t19EjTJKTxM0DVB0vr2hCscAEUQ8dVb9GjPwoLg\" target=\"_blank\" rel=\"noopener noreferrer\"><span class=\"c6\">Talaie El Hourriyet<\/span><\/a>, n\u2019a toujours pas communiqu\u00e9 sur cette d\u00e9mission.<\/p>\n<p class=\"c7\"><strong>R\u00e9daction Web<\/strong><\/p>\n<\/div>\n<p>Auteur:<br \/>\n<a href=\"https:\/\/www.liberte-algerie.com\/actualite\/le-directeur-de-campagne-de-ali-benflis-a-tizi-ouzou-demissionne-328485\">Cliquez ici pour lire l&rsquo;article depuis sa source.<\/a><\/p>\n","protected":false},"excerpt":{"rendered":"<p>Saadi Hanouti, directeur de compagne du candidat \u00e0 la prochaine pr\u00e9sidentielle du 12 d\u00e9cembre, Ali Benflis, \u00e0 Tizi Ouzou a d\u00e9missionn\u00e9 de son poste, ce mercredi. Selon des sources proches de Saadi Hanouti, la d\u00e9mission serait visiblement due \u00e0 la pression populaire. Pour l\u2019heure, le service de communication du parti Talaie El Hourriyet, n\u2019a toujours [&hellip;]<\/p>\n","protected":false},"author":1742,"featured_media":0,"comment_status":"closed","ping_status":"closed","sticky":false,"template":"","format":"standard","meta":{"fifu_image_url":"","fifu_image_alt":"","footnotes":""},"categories":[73,53],"tags":[],"class_list":["post-68021","post","type-post","status-publish","format-standard","hentry","category-actualite","category-algerie"],"_links":{"self":[{"href":"https:\/\/linitiative.ca\/International\/wp-json\/wp\/v2\/posts\/68021","targetHints":{"allow":["GET"]}}],"collection":[{"href":"https:\/\/linitiative.ca\/International\/wp-json\/wp\/v2\/posts"}],"about":[{"href":"https:\/\/linitiative.ca\/International\/wp-json\/wp\/v2\/types\/post"}],"author":[{"embeddable":true,"href":"https:\/\/linitiative.ca\/International\/wp-json\/wp\/v2\/users\/1742"}],"replies":[{"embeddable":true,"href":"https:\/\/linitiative.ca\/International\/wp-json\/wp\/v2\/comments?post=68021"}],"version-history":[{"count":0,"href":"https:\/\/linitiative.ca\/International\/wp-json\/wp\/v2\/posts\/68021\/revisions"}],"wp:attachment":[{"href":"https:\/\/linitiative.ca\/International\/wp-json\/wp\/v2\/media?parent=68021"}],"wp:term":[{"taxonomy":"category","embeddable":true,"href":"https:\/\/linitiative.ca\/International\/wp-json\/wp\/v2\/categories?post=68021"},{"taxonomy":"post_tag","embeddable":true,"href":"https:\/\/linitiative.ca\/International\/wp-json\/wp\/v2\/tags?post=68021"}],"curies":[{"name":"wp","href":"https:\/\/api.w.org\/{rel}","templated":true}]}}